{"id":123092,"date":"2025-09-23T17:22:36","date_gmt":"2025-09-23T20:22:36","guid":{"rendered":"https:\/\/blogdoedvaldomagalhaes.com.br\/?p=123092"},"modified":"2025-09-23T17:22:36","modified_gmt":"2025-09-23T20:22:36","slug":"caruaru-podera-ganhar-canal-digital-para-denuncias-de-violacoes-contra-criancas-e-adolescentes-na-internet","status":"publish","type":"post","link":"https:\/\/blogdoedvaldomagalhaes.com.br\/index.php\/2025\/09\/23\/caruaru-podera-ganhar-canal-digital-para-denuncias-de-violacoes-contra-criancas-e-adolescentes-na-internet\/","title":{"rendered":"Caruaru poder\u00e1 ganhar Canal Digital para den\u00fancias de viola\u00e7\u00f5es contra crian\u00e7as e adolescentes na internet"},"content":{"rendered":"<p>_Projeto busca ampliar a rede de prote\u00e7\u00e3o em Caruaru e oferecer um espa\u00e7o seguro para den\u00fancias e orienta\u00e7\u00f5es._<\/p>\n<p>O vereador Jorge Quintino (PODE) apresentou, na C\u00e2mara Municipal de Caruaru, um anteprojeto de lei que institui o *Canal Digital Municipal de Den\u00fancias de Viola\u00e7\u00f5es de Direitos Digitais de Crian\u00e7as e Adolescentes.* A proposta tem como objetivo oferecer uma ferramenta segura, acess\u00edvel e confidencial para registrar e encaminhar den\u00fancias relacionadas a crimes e abusos sofridos por crian\u00e7as e adolescentes no ambiente digital.<\/p>\n<p>O canal dever\u00e1 funcionar por meio do site oficial da Prefeitura, aplicativo pr\u00f3prio ou WhatsApp corporativo, garantindo sigilo absoluto dos dados de v\u00edtimas e denunciantes.<\/p>\n<p>Al\u00e9m de receber den\u00fancias, a plataforma tamb\u00e9m ter\u00e1 fun\u00e7\u00e3o educativa, disponibilizando orienta\u00e7\u00f5es sobre seguran\u00e7a digital, privacidade e uso respons\u00e1vel da internet.<\/p>\n<p>Para o vereador Jorge Quintino, a iniciativa \u00e9 uma resposta concreta aos desafios atuais:<\/p>\n<p>\u201c_A internet faz parte do cotidiano das nossas crian\u00e7as e adolescentes, mas tamb\u00e9m pode exp\u00f4-los a s\u00e9rios riscos. O canal digital vai refor\u00e7ar a rede de prote\u00e7\u00e3o no nosso munic\u00edpio e dar efetividade ao ECA Digital\u201d,_ destacou.<\/p>\n<p>O projeto tamb\u00e9m dialoga com  urg\u00eancia do tema que tem sido refor\u00e7ada por casos amplamente denunciados em redes sociais, como os j\u00e1 revelados pelo influenciador Felca, que exp\u00f4s situa\u00e7\u00f5es de ass\u00e9dio e explora\u00e7\u00e3o de menores em plataformas digitais.<\/p>\n<p>A proposta segue agora para an\u00e1lise e vota\u00e7\u00e3o no plen\u00e1rio.<br \/>\nSeja seguidor do Instagram @portaledvaldomagalhaes<br \/>\nFoto: Divulga\u00e7\u00e3o <\/p>\n","protected":false},"excerpt":{"rendered":"<p>_Projeto busca ampliar a rede de prote\u00e7\u00e3o em Caruaru e oferecer um espa\u00e7o seguro para den\u00fancias e orienta\u00e7\u00f5es._ O vereador&hellip;<\/p>\n","protected":false},"author":1,"featured_media":123093,"comment_status":"closed","ping_status":"open","sticky":false,"template":"","format":"standard","meta":{"footnotes":""},"categories":[14122],"tags":[2,3406,34741,20,34634],"class_list":["post-123092","post","type-post","status-publish","format-standard","has-post-thumbnail","hentry","category-politica","tag-blog-do-edvaldo-magalhaes","tag-caruaru","tag-caruaru-podera-ganhar-canal-digital-para-denuncias-de-violacoes-contra-criancas-e-adolescentes-na-internet","tag-politica","tag-portal-edvaldo-magalhaes"],"_links":{"self":[{"href":"https:\/\/blogdoedvaldomagalhaes.com.br\/index.php\/wp-json\/wp\/v2\/posts\/123092","targetHints":{"allow":["GET"]}}],"collection":[{"href":"https:\/\/blogdoedvaldomagalhaes.com.br\/index.php\/wp-json\/wp\/v2\/posts"}],"about":[{"href":"https:\/\/blogdoedvaldomagalhaes.com.br\/index.php\/wp-json\/wp\/v2\/types\/post"}],"author":[{"embeddable":true,"href":"https:\/\/blogdoedvaldomagalhaes.com.br\/index.php\/wp-json\/wp\/v2\/users\/1"}],"replies":[{"embeddable":true,"href":"https:\/\/blogdoedvaldomagalhaes.com.br\/index.php\/wp-json\/wp\/v2\/comments?post=123092"}],"version-history":[{"count":1,"href":"https:\/\/blogdoedvaldomagalhaes.com.br\/index.php\/wp-json\/wp\/v2\/posts\/123092\/revisions"}],"predecessor-version":[{"id":123094,"href":"https:\/\/blogdoedvaldomagalhaes.com.br\/index.php\/wp-json\/wp\/v2\/posts\/123092\/revisions\/123094"}],"wp:featuredmedia":[{"embeddable":true,"href":"https:\/\/blogdoedvaldomagalhaes.com.br\/index.php\/wp-json\/wp\/v2\/media\/123093"}],"wp:attachment":[{"href":"https:\/\/blogdoedvaldomagalhaes.com.br\/index.php\/wp-json\/wp\/v2\/media?parent=123092"}],"wp:term":[{"taxonomy":"category","embeddable":true,"href":"https:\/\/blogdoedvaldomagalhaes.com.br\/index.php\/wp-json\/wp\/v2\/categories?post=123092"},{"taxonomy":"post_tag","embeddable":true,"href":"https:\/\/blogdoedvaldomagalhaes.com.br\/index.php\/wp-json\/wp\/v2\/tags?post=123092"}],"curies":[{"name":"wp","href":"https:\/\/api.w.org\/{rel}","templated":true}]}}