{"id":1230,"date":"2018-09-24T16:00:00","date_gmt":"2018-09-24T19:00:00","guid":{"rendered":"http:\/\/blogdoedvaldomagalhaes.com.br\/index.php\/2018\/09\/24\/resultado-da-pesquisa-real-time-big\/"},"modified":"2019-02-09T02:32:04","modified_gmt":"2019-02-09T04:32:04","slug":"resultado-da-pesquisa-real-time-big","status":"publish","type":"post","link":"https:\/\/blogdoedvaldomagalhaes.com.br\/index.php\/2018\/09\/24\/resultado-da-pesquisa-real-time-big\/","title":{"rendered":"Resultado da pesquisa Real Time Big Data para governador e senador de Pernambuco"},"content":{"rendered":"<div class=\"separator\" style=\"clear: both; text-align: center;\">\n<a href=\"https:\/\/3.bp.blogspot.com\/-DQzUbUdLBRc\/W6kJswCYkZI\/AAAAAAAA6ic\/3WDFojuhH_EjcPbnyXdvi0t8zpbQqmbRgCLcBGAs\/s1600\/essa.jpg\" imageanchor=\"1\" style=\"margin-left: 1em; margin-right: 1em;\"><img loading=\"lazy\" decoding=\"async\" border=\"0\" data-original-height=\"420\" data-original-width=\"699\" height=\"384\" src=\"http:\/\/blogdoedvaldomagalhaes.com.br\/wp-content\/uploads\/2018\/09\/essa-3.jpg\" width=\"640\" \/><\/a><\/div>\n<div style=\"background-color: white; border: 0px; margin-bottom: 1.5em; outline: 0px; padding: 0px; text-align: justify; vertical-align: baseline;\">\n<strong style=\"border: 0px; font-style: inherit; margin: 0px; outline: 0px; padding: 0px; vertical-align: baseline;\"><br \/><\/strong><\/div>\n<div style=\"background-color: white; border: 0px; margin-bottom: 1.5em; outline: 0px; padding: 0px; text-align: justify; vertical-align: baseline;\">\n<strong style=\"border: 0px; font-style: inherit; margin: 0px; outline: 0px; padding: 0px; vertical-align: baseline;\">Do Blog do Edmar Lyra<\/strong><\/div>\n<div style=\"background-color: white; border: 0px; margin-bottom: 1.5em; outline: 0px; padding: 0px; text-align: justify; vertical-align: baseline;\">\nO Instituto Real Time Big Data divulgou a segunda rodada de pesquisas para governador e senador de Pernambuco. Foram 1.000 question\u00e1rios entre os dias 21 e 22 de setembro e possui margem de erro de tr\u00eas pontos percentuais para mais ou para menos. O registro da pesquisa \u00e9: PE-03887\/2018.<\/div>\n<div style=\"background-color: white; border: 0px; margin-bottom: 1.5em; outline: 0px; padding: 0px; text-align: justify; vertical-align: baseline;\">\nNo cen\u00e1rio espont\u00e2neo para governador, Paulo C\u00e2mara (PSB) aparece com 22%, Armando Monteiro (PTB) 19%, Maur\u00edcio Rands (PROS) 2%, Julio Lossio (Rede) 2% e Dani Portela (PSOL) 1%, Brancos e nulos 15% e indecisos 39%. Simone Fontana (PSTU) n\u00e3o pontuou.<\/div>\n<div style=\"background-color: white; border: 0px; margin-bottom: 1.5em; outline: 0px; padding: 0px; text-align: justify; vertical-align: baseline;\">\nNa pesquisa estimulada Paulo C\u00e2mara aparece com 34% das inten\u00e7\u00f5es de voto contra 30% de Armando Monteiro, Julio Lossio 5%, Maur\u00edcio Rands 4%, Dani Portela 2%, Outros 1%, Brancos e nulos 15%, indecisos 9%.<\/div>\n<div style=\"background-color: white; border: 0px; margin-bottom: 1.5em; outline: 0px; padding: 0px; text-align: justify; vertical-align: baseline;\">\nNo segundo turno Paulo C\u00e2mara teria 40% contra 38% de Armando Monteiro, brancos e nulos 17% e indecisos 5%.<\/div>\n<div style=\"background-color: white; border: 0px; margin-bottom: 1.5em; outline: 0px; padding: 0px; text-align: justify; vertical-align: baseline;\">\nNo quesito rejei\u00e7\u00e3o Paulo C\u00e2mara teria 45%, Armando Monteiro 30%, Maur\u00edcio Rands 19%, Julio Lossio 17%, Simone Fontana 17%, Dani Portela 17%, Ana Patricia Alves 15%.<\/p>\n<div class=\"separator\" style=\"clear: both; text-align: center;\">\n<a href=\"https:\/\/4.bp.blogspot.com\/-C9yErtGIs5M\/W6kKPrMwyiI\/AAAAAAAA6ik\/WUccBjt0VIU3ef6y1SUC1SW-N2gTEadsgCLcBGAs\/s1600\/eles.jpg\" imageanchor=\"1\" style=\"margin-left: 1em; margin-right: 1em;\"><img loading=\"lazy\" decoding=\"async\" border=\"0\" data-original-height=\"214\" data-original-width=\"320\" height=\"428\" src=\"http:\/\/blogdoedvaldomagalhaes.com.br\/wp-content\/uploads\/2018\/09\/eles-5.jpg\" width=\"640\" \/><\/a><\/div>\n<\/div>\n<div style=\"background-color: white; border: 0px; margin-bottom: 1.5em; outline: 0px; padding: 0px; text-align: justify; vertical-align: baseline;\">\n<b>Senado<\/b><\/div>\n<div style=\"background-color: white; border: 0px; margin-bottom: 1.5em; outline: 0px; padding: 0px; text-align: justify; vertical-align: baseline;\">\nNa disputa pelo Senado, o Real Time Big Data apontou Jarbas Vasconcelos (MDB) em primeiro lugar com 33% das inten\u00e7\u00f5es de voto, seguido de Mendon\u00e7a Filho (DEM) com 30%. Humberto Costa (PT), tem 26%, Bruno Ara\u00fajo (PSDB) tem 14%, Silvio Costa (Avante) 11%, Pastor Jairinho (Rede) 4%, Adriana Rocha (Rede) 2%, Outros 2%.<\/div>\n<div style=\"background-color: white; border: 0px; margin-bottom: 1.5em; outline: 0px; padding: 0px; text-align: justify; vertical-align: baseline;\">\nIndecisos Voto 1, 9%, Brancos\/Nulos Voto 1, 15%, Indecisos Voto 2, 33%, Brancos\/Nulos Voto 2, 21%.<\/div>\n","protected":false},"excerpt":{"rendered":"<p>Do Blog do Edmar Lyra O Instituto Real Time Big Data divulgou a segunda rodada de pesquisas para governador e&hellip;<\/p>\n","protected":false},"author":1,"featured_media":0,"comment_status":"open","ping_status":"open","sticky":false,"template":"","format":"standard","meta":{"footnotes":""},"categories":[1],"tags":[2,20,1188],"class_list":["post-1230","post","type-post","status-publish","format-standard","hentry","category-sem-categoria","tag-blog-do-edvaldo-magalhaes","tag-politica","tag-resultado-da-pesquisa-real-time-big-data-para-governador-e-senador-de-pernambuco"],"_links":{"self":[{"href":"https:\/\/blogdoedvaldomagalhaes.com.br\/index.php\/wp-json\/wp\/v2\/posts\/1230","targetHints":{"allow":["GET"]}}],"collection":[{"href":"https:\/\/blogdoedvaldomagalhaes.com.br\/index.php\/wp-json\/wp\/v2\/posts"}],"about":[{"href":"https:\/\/blogdoedvaldomagalhaes.com.br\/index.php\/wp-json\/wp\/v2\/types\/post"}],"author":[{"embeddable":true,"href":"https:\/\/blogdoedvaldomagalhaes.com.br\/index.php\/wp-json\/wp\/v2\/users\/1"}],"replies":[{"embeddable":true,"href":"https:\/\/blogdoedvaldomagalhaes.com.br\/index.php\/wp-json\/wp\/v2\/comments?post=1230"}],"version-history":[{"count":1,"href":"https:\/\/blogdoedvaldomagalhaes.com.br\/index.php\/wp-json\/wp\/v2\/posts\/1230\/revisions"}],"predecessor-version":[{"id":34304,"href":"https:\/\/blogdoedvaldomagalhaes.com.br\/index.php\/wp-json\/wp\/v2\/posts\/1230\/revisions\/34304"}],"wp:attachment":[{"href":"https:\/\/blogdoedvaldomagalhaes.com.br\/index.php\/wp-json\/wp\/v2\/media?parent=1230"}],"wp:term":[{"taxonomy":"category","embeddable":true,"href":"https:\/\/blogdoedvaldomagalhaes.com.br\/index.php\/wp-json\/wp\/v2\/categories?post=1230"},{"taxonomy":"post_tag","embeddable":true,"href":"https:\/\/blogdoedvaldomagalhaes.com.br\/index.php\/wp-json\/wp\/v2\/tags?post=1230"}],"curies":[{"name":"wp","href":"https:\/\/api.w.org\/{rel}","templated":true}]}}