{"id":122902,"date":"2025-09-18T09:17:23","date_gmt":"2025-09-18T12:17:23","guid":{"rendered":"https:\/\/blogdoedvaldomagalhaes.com.br\/?p=122902"},"modified":"2025-09-18T09:24:16","modified_gmt":"2025-09-18T12:24:16","slug":"marcha-com-jesus-2025-traz-acao-social-caminhada-e-shows-gospel-para-caruaru","status":"publish","type":"post","link":"https:\/\/blogdoedvaldomagalhaes.com.br\/index.php\/2025\/09\/18\/marcha-com-jesus-2025-traz-acao-social-caminhada-e-shows-gospel-para-caruaru\/","title":{"rendered":"Marcha com Jesus 2025 traz a\u00e7\u00e3o social, caminhada e shows gospel para Caruaru"},"content":{"rendered":"<p>A comunidade evang\u00e9lica de Caruaru se mobiliza para mais uma edi\u00e7\u00e3o da Marcha com Jesus, que acontece no pr\u00f3ximo dia 20 de setembro de 2025. O evento, que j\u00e1 \u00e9 tradi\u00e7\u00e3o na cidade, reunir\u00e1 um grupo m\u00e9dio de 71 igrejas evang\u00e9licas e promete atrair entre 10 a 15 mil pessoas.<\/p>\n<p>A programa\u00e7\u00e3o ter\u00e1 in\u00edcio \u00e0s 08h, na Esta\u00e7\u00e3o Ferrovi\u00e1ria, com a Marcha Social, oferecendo ao p\u00fablico diversos servi\u00e7os gratuitos em uma grande A\u00e7\u00e3o Social, incluindo atendimentos m\u00e9dicos e outras especialidades. Uma das atra\u00e7\u00f5es confirmadas \u00e9 o Museu B\u00edblico Itinerante da Sociedade B\u00edblica do Brasil, que estar\u00e1 em Caruaru com a exposi\u00e7\u00e3o Hist\u00f3ria da B\u00edblia.<\/p>\n<p>A concentra\u00e7\u00e3o da caminhada est\u00e1 marcada para as 14h, na Rua Visconde de Inha\u00fama (na pracinha, pr\u00f3ximo \u00e0 loja Yamaha), com chegada prevista \u00e0s 18h na Esta\u00e7\u00e3o Ferrovi\u00e1ria, onde o p\u00fablico poder\u00e1 acompanhar apresenta\u00e7\u00f5es de artistas do gospel e preletores convidados at\u00e9 \u00e0s 22h.<\/p>\n<p>O evento conta com o apoio do Conselho de Pastores do Estado de Pernambuco, da Prefeitura de Caruaru, do Governo do Estado e \u00e9 coordenado pelo Di\u00e1cono Cl\u00f3vis Carvalho (Advec-Caruaru), com a participa\u00e7\u00e3o de pastores locais.<\/p>\n<p>\u201cA Marcha com Jesus \u00e9 um evento muito importante para a comunidade evang\u00e9lica de Caruaru, j\u00e1 faz parte da nossa tradi\u00e7\u00e3o e impacta muitas vidas com a mensagem do evangelho. Em breve divulgaremos as atra\u00e7\u00f5es musicais e tenho certeza de que todos ir\u00e3o gostar. Ser\u00e1 um momento de f\u00e9, celebra\u00e7\u00e3o e comunh\u00e3o\u201d, destacou o coordenador da Marcha, Dc. Cl\u00f3vis Carvalho.<br \/>\nSiga o Instagram @portaledvaldomagalhaes<\/p>\n<p><img loading=\"lazy\" decoding=\"async\" src=\"https:\/\/blogdoedvaldomagalhaes.com.br\/wp-content\/uploads\/2025\/09\/img-20250918-wa00751474128627522709370.jpg\" class=\"wp-image-122907 alignnone size-full\" width=\"1024\" height=\"1280\" srcset=\"https:\/\/blogdoedvaldomagalhaes.com.br\/wp-content\/uploads\/2025\/09\/img-20250918-wa00751474128627522709370.jpg 1024w, https:\/\/blogdoedvaldomagalhaes.com.br\/wp-content\/uploads\/2025\/09\/img-20250918-wa00751474128627522709370-240x300.jpg 240w, https:\/\/blogdoedvaldomagalhaes.com.br\/wp-content\/uploads\/2025\/09\/img-20250918-wa00751474128627522709370-819x1024.jpg 819w, https:\/\/blogdoedvaldomagalhaes.com.br\/wp-content\/uploads\/2025\/09\/img-20250918-wa00751474128627522709370-768x960.jpg 768w\" sizes=\"auto, (max-width: 1024px) 100vw, 1024px\" \/><\/p>\n","protected":false},"excerpt":{"rendered":"<p>A comunidade evang\u00e9lica de Caruaru se mobiliza para mais uma edi\u00e7\u00e3o da Marcha com Jesus, que acontece no pr\u00f3ximo dia&hellip;<\/p>\n","protected":false},"author":1,"featured_media":122905,"comment_status":"closed","ping_status":"open","sticky":false,"template":"","format":"standard","meta":{"footnotes":""},"categories":[14120],"tags":[13146,34697,6,34634],"class_list":["post-122902","post","type-post","status-publish","format-standard","has-post-thumbnail","hentry","category-noticias","tag-blog-edvaldo-magalhaes","tag-marcha-com-jesus","tag-noticias","tag-portal-edvaldo-magalhaes"],"_links":{"self":[{"href":"https:\/\/blogdoedvaldomagalhaes.com.br\/index.php\/wp-json\/wp\/v2\/posts\/122902","targetHints":{"allow":["GET"]}}],"collection":[{"href":"https:\/\/blogdoedvaldomagalhaes.com.br\/index.php\/wp-json\/wp\/v2\/posts"}],"about":[{"href":"https:\/\/blogdoedvaldomagalhaes.com.br\/index.php\/wp-json\/wp\/v2\/types\/post"}],"author":[{"embeddable":true,"href":"https:\/\/blogdoedvaldomagalhaes.com.br\/index.php\/wp-json\/wp\/v2\/users\/1"}],"replies":[{"embeddable":true,"href":"https:\/\/blogdoedvaldomagalhaes.com.br\/index.php\/wp-json\/wp\/v2\/comments?post=122902"}],"version-history":[{"count":3,"href":"https:\/\/blogdoedvaldomagalhaes.com.br\/index.php\/wp-json\/wp\/v2\/posts\/122902\/revisions"}],"predecessor-version":[{"id":122908,"href":"https:\/\/blogdoedvaldomagalhaes.com.br\/index.php\/wp-json\/wp\/v2\/posts\/122902\/revisions\/122908"}],"wp:featuredmedia":[{"embeddable":true,"href":"https:\/\/blogdoedvaldomagalhaes.com.br\/index.php\/wp-json\/wp\/v2\/media\/122905"}],"wp:attachment":[{"href":"https:\/\/blogdoedvaldomagalhaes.com.br\/index.php\/wp-json\/wp\/v2\/media?parent=122902"}],"wp:term":[{"taxonomy":"category","embeddable":true,"href":"https:\/\/blogdoedvaldomagalhaes.com.br\/index.php\/wp-json\/wp\/v2\/categories?post=122902"},{"taxonomy":"post_tag","embeddable":true,"href":"https:\/\/blogdoedvaldomagalhaes.com.br\/index.php\/wp-json\/wp\/v2\/tags?post=122902"}],"curies":[{"name":"wp","href":"https:\/\/api.w.org\/{rel}","templated":true}]}}