{"id":1229,"date":"2018-09-24T20:54:00","date_gmt":"2018-09-24T23:54:00","guid":{"rendered":"http:\/\/blogdoedvaldomagalhaes.com.br\/index.php\/2018\/09\/24\/segunda-edicao-do-pedala-caruaru-reuniu\/"},"modified":"2019-02-09T02:32:07","modified_gmt":"2019-02-09T04:32:07","slug":"segunda-edicao-do-pedala-caruaru-reuniu","status":"publish","type":"post","link":"https:\/\/blogdoedvaldomagalhaes.com.br\/index.php\/2018\/09\/24\/segunda-edicao-do-pedala-caruaru-reuniu\/","title":{"rendered":"Segunda edi\u00e7\u00e3o do Pedala Caruaru reuniu cerca de 500 ciclistas"},"content":{"rendered":"<div class=\"separator\" style=\"clear: both; text-align: center;\">\n<a href=\"https:\/\/3.bp.blogspot.com\/-AQ0zjkuvDGo\/W6lObiZ4HhI\/AAAAAAAA6jM\/qIt3kjJXjDU1DcAB8iL0KGmnDUNQGU4xwCLcBGAs\/s1600\/bicicleta.jpeg\" imageanchor=\"1\" style=\"margin-left: 1em; margin-right: 1em;\"><img loading=\"lazy\" decoding=\"async\" border=\"0\" data-original-height=\"640\" data-original-width=\"960\" height=\"426\" src=\"http:\/\/blogdoedvaldomagalhaes.com.br\/wp-content\/uploads\/2018\/09\/bicicleta.jpeg\" width=\"640\" \/><\/a><\/div>\n<div class=\"separator\" style=\"clear: both; text-align: center;\">\nCr\u00e9ditos: Arnaldo F\u00e9lix<\/div>\n<p><\/p>\n<div style=\"text-align: justify;\">\nAs ruas de Caruaru foram tomadas por ciclistas na manh\u00e3 desse domingo, 23, durante a segunda edi\u00e7\u00e3o do \u201cPedala Caruaru\u201d. O evento, que reuniu cerca de 500 participantes para um passeio cicl\u00edstico de 10 km, fez parte da programa\u00e7\u00e3o da Semana Nacional de Tr\u00e2nsito. Com a proposta de incentivar a mobilidade ativa, o Pedala j\u00e1 est\u00e1 se consolidando entre grupos de pedal de Caruaru e regi\u00e3o. Estiveram presentes ciclistas de cidades como Agrestina, Cupira, Bezerros, Santa Cruz, S\u00e3o Caitano e Camocim de S\u00e3o F\u00e9lix.<\/div>\n<div style=\"text-align: justify;\">\n<\/div>\n<div class=\"separator\" style=\"clear: both; text-align: center;\">\n<a href=\"https:\/\/4.bp.blogspot.com\/-n_YjZK0nN-A\/W6lOtnrEf_I\/AAAAAAAA6jU\/c9mR_NIv3igq4AjFL7jtfj1c_f2URHtkACLcBGAs\/s1600\/concntra%25C3%25A7%25C3%25A3o.jpeg\" imageanchor=\"1\" style=\"margin-left: 1em; margin-right: 1em;\"><img loading=\"lazy\" decoding=\"async\" border=\"0\" data-original-height=\"853\" data-original-width=\"1280\" height=\"426\" src=\"http:\/\/blogdoedvaldomagalhaes.com.br\/wp-content\/uploads\/2018\/09\/concntraC3A7C3A3o.jpeg\" width=\"640\" \/><\/a><\/div>\n<div style=\"text-align: justify;\">\n<\/div>\n<div style=\"text-align: justify;\">\nDurante a concentra\u00e7\u00e3o os participantes puderam usufruir de servi\u00e7os de sa\u00fade, como aferi\u00e7\u00e3o de press\u00e3o, teste de glicemia, c\u00e1lculo de \u00edndice de massa corp\u00f3rea, ventosaterapia e massagens. Os ciclistas tamb\u00e9m participaram de atividades de alongamento e compartilharam de um caf\u00e9 da manh\u00e3.<\/div>\n<div style=\"text-align: justify;\">\n<\/div>\n<div style=\"text-align: justify;\">\n<\/div>\n<div class=\"separator\" style=\"clear: both; text-align: center;\">\n<a href=\"https:\/\/1.bp.blogspot.com\/-bZFo7eacCSg\/W6lO1T4TnbI\/AAAAAAAA6jY\/lsOGOyhhvEc1EN4MYIcgPccibXvxt3rVQCLcBGAs\/s1600\/massagem.jpeg\" imageanchor=\"1\" style=\"margin-left: 1em; margin-right: 1em;\"><img loading=\"lazy\" decoding=\"async\" border=\"0\" data-original-height=\"853\" data-original-width=\"1280\" height=\"426\" src=\"http:\/\/blogdoedvaldomagalhaes.com.br\/wp-content\/uploads\/2018\/09\/massagem.jpeg\" width=\"640\" \/><\/a><\/div>\n<p><\/p>\n<div style=\"text-align: justify;\">\n<\/div>\n<div style=\"text-align: justify;\">\n&nbsp;\u201cO Pedala Caruaru \u00e9 uma forma de incentivar a utiliza\u00e7\u00e3o da bicicleta como meio de transporte, bem como o respeito aos usu\u00e1rios desse modal no tr\u00e2nsito. Mais uma vez o evento foi um sucesso e desejamos que ele fique marcado no calend\u00e1rio dos caruaruenses, para contarmos com ainda mais participantes na pr\u00f3xima edi\u00e7\u00e3o\u201d, comentou o diretor-presidente da Destra, Roberto Bezerra.<\/div>\n<div style=\"text-align: justify;\">\n<\/div>\n<div class=\"separator\" style=\"clear: both; text-align: center;\">\n<a href=\"https:\/\/2.bp.blogspot.com\/-DGq0u57DuhI\/W6lO9mN-0HI\/AAAAAAAA6jc\/uzq_KUPzOTENoNfj49bNgYqAi7htsqlPgCLcBGAs\/s1600\/aquecimento.jpeg\" imageanchor=\"1\" style=\"margin-left: 1em; margin-right: 1em;\"><img loading=\"lazy\" decoding=\"async\" border=\"0\" data-original-height=\"640\" data-original-width=\"960\" height=\"426\" src=\"http:\/\/blogdoedvaldomagalhaes.com.br\/wp-content\/uploads\/2018\/09\/aquecimento.jpeg\" width=\"640\" \/><\/a><\/div>\n<div style=\"text-align: justify;\">\n<\/div>\n<div style=\"text-align: justify;\">\nAo longo do percurso, agentes de tr\u00e2nsito e guardas municipais da Destra, realizaram os bloqueios das ruas, como tamb\u00e9m garantiram a seguran\u00e7a vi\u00e1ria durante o trajeto.<\/div>\n<div style=\"text-align: justify;\">\n<\/div>\n<div style=\"text-align: justify;\">\nOs inscritos no evento colaboraram com alimentos n\u00e3o perec\u00edveis, os quais ser\u00e3o doados a uma institui\u00e7\u00e3o de caridade, em Caruaru.<\/div>\n<div style=\"text-align: justify;\">\n<\/div>\n","protected":false},"excerpt":{"rendered":"<p>Cr\u00e9ditos: Arnaldo F\u00e9lix As ruas de Caruaru foram tomadas por ciclistas na manh\u00e3 desse domingo, 23, durante a segunda edi\u00e7\u00e3o&hellip;<\/p>\n","protected":false},"author":1,"featured_media":0,"comment_status":"open","ping_status":"open","sticky":false,"template":"","format":"standard","meta":{"footnotes":""},"categories":[1],"tags":[2,6,1187],"class_list":["post-1229","post","type-post","status-publish","format-standard","hentry","category-sem-categoria","tag-blog-do-edvaldo-magalhaes","tag-noticias","tag-segunda-edicao-do-pedala-caruaru-reuniu-cerca-de-500-ciclistas"],"_links":{"self":[{"href":"https:\/\/blogdoedvaldomagalhaes.com.br\/index.php\/wp-json\/wp\/v2\/posts\/1229","targetHints":{"allow":["GET"]}}],"collection":[{"href":"https:\/\/blogdoedvaldomagalhaes.com.br\/index.php\/wp-json\/wp\/v2\/posts"}],"about":[{"href":"https:\/\/blogdoedvaldomagalhaes.com.br\/index.php\/wp-json\/wp\/v2\/types\/post"}],"author":[{"embeddable":true,"href":"https:\/\/blogdoedvaldomagalhaes.com.br\/index.php\/wp-json\/wp\/v2\/users\/1"}],"replies":[{"embeddable":true,"href":"https:\/\/blogdoedvaldomagalhaes.com.br\/index.php\/wp-json\/wp\/v2\/comments?post=1229"}],"version-history":[{"count":1,"href":"https:\/\/blogdoedvaldomagalhaes.com.br\/index.php\/wp-json\/wp\/v2\/posts\/1229\/revisions"}],"predecessor-version":[{"id":34309,"href":"https:\/\/blogdoedvaldomagalhaes.com.br\/index.php\/wp-json\/wp\/v2\/posts\/1229\/revisions\/34309"}],"wp:attachment":[{"href":"https:\/\/blogdoedvaldomagalhaes.com.br\/index.php\/wp-json\/wp\/v2\/media?parent=1229"}],"wp:term":[{"taxonomy":"category","embeddable":true,"href":"https:\/\/blogdoedvaldomagalhaes.com.br\/index.php\/wp-json\/wp\/v2\/categories?post=1229"},{"taxonomy":"post_tag","embeddable":true,"href":"https:\/\/blogdoedvaldomagalhaes.com.br\/index.php\/wp-json\/wp\/v2\/tags?post=1229"}],"curies":[{"name":"wp","href":"https:\/\/api.w.org\/{rel}","templated":true}]}}