{"id":122899,"date":"2025-09-17T22:16:52","date_gmt":"2025-09-18T01:16:52","guid":{"rendered":"https:\/\/blogdoedvaldomagalhaes.com.br\/?p=122899"},"modified":"2025-09-17T22:16:52","modified_gmt":"2025-09-18T01:16:52","slug":"criancas-protegidas-construindo-caminhos-seguros-para-o-futuro-por-jorge-quintino","status":"publish","type":"post","link":"https:\/\/blogdoedvaldomagalhaes.com.br\/index.php\/2025\/09\/17\/criancas-protegidas-construindo-caminhos-seguros-para-o-futuro-por-jorge-quintino\/","title":{"rendered":"CRIAN\u00c7AS PROTEGIDAS: Construindo Caminhos Seguros para o Futuro &#8211; Por Jorge Quintino"},"content":{"rendered":"<p>A seguran\u00e7a das crian\u00e7as \u00e9 uma responsabilidade coletiva, um compromisso que se reflete diretamente na qualidade de vida de toda a sociedade. \u00c9 com esse esp\u00edrito que apresentamos, na C\u00e2mara Municipal de Caruaru, o anteprojeto de lei que institui o *Programa Caminhos da Inf\u00e2ncia*. O objetivo \u00e9 claro e urgente: transformar os entornos das escolas da nossa rede municipal em ambientes mais seguros e acolhedores.<\/p>\n<p>Sabemos que o trajeto entre casa e escola, para muitas crian\u00e7as, ainda representa um percurso de riscos. Dados do Minist\u00e9rio da Sa\u00fade s\u00e3o alarmantes e revelam que os acidentes de tr\u00e2nsito s\u00e3o a principal causa de morte entre crian\u00e7as *de 5 a 14 anos* no Brasil. Esses n\u00fameros n\u00e3o podem ser ignorados. Pelo contr\u00e1rio, nos convocam \u00e0 a\u00e7\u00e3o imediata e refor\u00e7am a necessidade de medidas concretas para proteger nossos pequenos.<\/p>\n<p>O Programa Caminhos da Inf\u00e2ncia surge como uma resposta direta a essa realidade. A proposta prev\u00ea a redu\u00e7\u00e3o da velocidade nas \u00e1reas pr\u00f3ximas \u00e0s escolas, a implanta\u00e7\u00e3o de faixas elevadas e a instala\u00e7\u00e3o de redutores de velocidade. S\u00e3o medidas simples, mas de enorme impacto na preserva\u00e7\u00e3o da vida e na promo\u00e7\u00e3o da seguran\u00e7a de milhares de estudantes, professores e pais.<\/p>\n<p>Al\u00e9m disso, a iniciativa est\u00e1 em total sintonia com o que j\u00e1 \u00e9 estabelecido em lei. O Estatuto da Crian\u00e7a e do Adolescente (ECA) e o Marco Legal da Primeira Inf\u00e2ncia asseguram, como prioridade absoluta, a prote\u00e7\u00e3o e o desenvolvimento integral de nossas crian\u00e7as. O que buscamos, com este anteprojeto, \u00e9 traduzir esses princ\u00edpios em a\u00e7\u00f5es pr\u00e1ticas, vis\u00edveis e transformadoras em nossas ruas.<\/p>\n<p>\u00c9 importante destacar que o prefeito de Caruaru, *Rodrigo Pinheiro*, j\u00e1 tem priorizado em sua gest\u00e3o diversas pol\u00edticas voltadas para a inf\u00e2ncia, com aten\u00e7\u00e3o especial \u00e0 primeira inf\u00e2ncia. Portanto, o Programa Caminhos da Inf\u00e2ncia dialoga diretamente com essa agenda de governo, refor\u00e7ando o compromisso coletivo de cuidar e investir nas novas gera\u00e7\u00f5es.<\/p>\n<p>Queremos mais do que reduzir acidentes. Desejamos que os caminhos para a escola sejam parte da jornada de aprendizado, que estimulem a conviv\u00eancia e formem cidad\u00e3os conscientes. Um ambiente escolar seguro e humanizado \u00e9 o alicerce de uma educa\u00e7\u00e3o de qualidade.<\/p>\n<p>O anteprojeto agora ser\u00e1 encaminhado ao prefeito Rodrigo Pinheiro. Sua aprova\u00e7\u00e3o e implementa\u00e7\u00e3o representar\u00e3o um investimento valioso no futuro de Caruaru. Proteger nossas crian\u00e7as \u00e9 investir em seguran\u00e7a, cidadania e qualidade de vida. Que possamos, juntos, construir caminhos mais seguros e um futuro mais brilhante para todos.<br \/>\nJorge Quintino \u00e9 vereador em Caruaru.<br \/>\nSiga o Instagram @portaledvaldomagalhaes<br \/>\nFoto: Divulga\u00e7\u00e3o <\/p>\n","protected":false},"excerpt":{"rendered":"<p>A seguran\u00e7a das crian\u00e7as \u00e9 uma responsabilidade coletiva, um compromisso que se reflete diretamente na qualidade de vida de toda&hellip;<\/p>\n","protected":false},"author":1,"featured_media":122900,"comment_status":"closed","ping_status":"open","sticky":false,"template":"","format":"standard","meta":{"footnotes":""},"categories":[14122],"tags":[13146,34696,20,34634],"class_list":["post-122899","post","type-post","status-publish","format-standard","has-post-thumbnail","hentry","category-politica","tag-blog-edvaldo-magalhaes","tag-criancas-protegidas-construindo-caminhos-seguros-para-o-futuro-por-jorge-quintino","tag-politica","tag-portal-edvaldo-magalhaes"],"_links":{"self":[{"href":"https:\/\/blogdoedvaldomagalhaes.com.br\/index.php\/wp-json\/wp\/v2\/posts\/122899","targetHints":{"allow":["GET"]}}],"collection":[{"href":"https:\/\/blogdoedvaldomagalhaes.com.br\/index.php\/wp-json\/wp\/v2\/posts"}],"about":[{"href":"https:\/\/blogdoedvaldomagalhaes.com.br\/index.php\/wp-json\/wp\/v2\/types\/post"}],"author":[{"embeddable":true,"href":"https:\/\/blogdoedvaldomagalhaes.com.br\/index.php\/wp-json\/wp\/v2\/users\/1"}],"replies":[{"embeddable":true,"href":"https:\/\/blogdoedvaldomagalhaes.com.br\/index.php\/wp-json\/wp\/v2\/comments?post=122899"}],"version-history":[{"count":1,"href":"https:\/\/blogdoedvaldomagalhaes.com.br\/index.php\/wp-json\/wp\/v2\/posts\/122899\/revisions"}],"predecessor-version":[{"id":122901,"href":"https:\/\/blogdoedvaldomagalhaes.com.br\/index.php\/wp-json\/wp\/v2\/posts\/122899\/revisions\/122901"}],"wp:featuredmedia":[{"embeddable":true,"href":"https:\/\/blogdoedvaldomagalhaes.com.br\/index.php\/wp-json\/wp\/v2\/media\/122900"}],"wp:attachment":[{"href":"https:\/\/blogdoedvaldomagalhaes.com.br\/index.php\/wp-json\/wp\/v2\/media?parent=122899"}],"wp:term":[{"taxonomy":"category","embeddable":true,"href":"https:\/\/blogdoedvaldomagalhaes.com.br\/index.php\/wp-json\/wp\/v2\/categories?post=122899"},{"taxonomy":"post_tag","embeddable":true,"href":"https:\/\/blogdoedvaldomagalhaes.com.br\/index.php\/wp-json\/wp\/v2\/tags?post=122899"}],"curies":[{"name":"wp","href":"https:\/\/api.w.org\/{rel}","templated":true}]}}