{"id":122896,"date":"2025-09-17T22:02:34","date_gmt":"2025-09-18T01:02:34","guid":{"rendered":"https:\/\/blogdoedvaldomagalhaes.com.br\/?p=122896"},"modified":"2025-09-17T22:02:34","modified_gmt":"2025-09-18T01:02:34","slug":"precos-da-ceaca-tem-queda-em-produtos-populares-e-apenas-dois-itens-registram-aumentos","status":"publish","type":"post","link":"https:\/\/blogdoedvaldomagalhaes.com.br\/index.php\/2025\/09\/17\/precos-da-ceaca-tem-queda-em-produtos-populares-e-apenas-dois-itens-registram-aumentos\/","title":{"rendered":"Pre\u00e7os da Ceaca t\u00eam queda em produtos populares e apenas dois itens registram aumentos"},"content":{"rendered":"<p>A cota\u00e7\u00e3o semanal da Ceaca, referente ao per\u00edodo de 9 a 16 de setembro, avaliou 73 produtos e trouxe boas not\u00edcias para quem vai \u00e0s compras. Entre os destaques, a uva It\u00e1lia caiu 25% e o coentro ficou 20% mais barato. Tamb\u00e9m tiveram redu\u00e7\u00e3o o maracuj\u00e1, a tangerina ponkan, a ma\u00e7\u00e3 e a p\u00eara importadas, al\u00e9m da batata-doce roxa.<\/p>\n<p>Em contrapartida, a manga Tommy subiu 19% e a cebola p\u00eara apresentou alta de 17%. A boa not\u00edcia \u00e9 que a maior parte dos itens pesquisados manteve os mesmos valores, garantindo estabilidade para a feira da semana.<\/p>\n<p>Essas varia\u00e7\u00f5es refletem a din\u00e2mica de oferta e demanda e refor\u00e7am o compromisso da Ceaca em oferecer transpar\u00eancia aos consumidores e comerciantes.<\/p>\n<p>A Ceaca est\u00e1 localizada na Avenida Jos\u00e9 Pinheiro dos Santos (BR 104), bairro Cidade Alta. Foto: Elvis \u00c9dson\/Secom<br \/>\nSeja seguidor do Instagram @portaledvaldomagalhaes<\/p>\n","protected":false},"excerpt":{"rendered":"<p>A cota\u00e7\u00e3o semanal da Ceaca, referente ao per\u00edodo de 9 a 16 de setembro, avaliou 73 produtos e trouxe boas&hellip;<\/p>\n","protected":false},"author":1,"featured_media":122897,"comment_status":"closed","ping_status":"open","sticky":false,"template":"","format":"standard","meta":{"footnotes":""},"categories":[14120],"tags":[13146,6,34634,34695],"class_list":["post-122896","post","type-post","status-publish","format-standard","has-post-thumbnail","hentry","category-noticias","tag-blog-edvaldo-magalhaes","tag-noticias","tag-portal-edvaldo-magalhaes","tag-precos-da-ceaca-tem-queda-em-produtos-populares-e-apenas-dois-itens-registram-aumentos"],"_links":{"self":[{"href":"https:\/\/blogdoedvaldomagalhaes.com.br\/index.php\/wp-json\/wp\/v2\/posts\/122896","targetHints":{"allow":["GET"]}}],"collection":[{"href":"https:\/\/blogdoedvaldomagalhaes.com.br\/index.php\/wp-json\/wp\/v2\/posts"}],"about":[{"href":"https:\/\/blogdoedvaldomagalhaes.com.br\/index.php\/wp-json\/wp\/v2\/types\/post"}],"author":[{"embeddable":true,"href":"https:\/\/blogdoedvaldomagalhaes.com.br\/index.php\/wp-json\/wp\/v2\/users\/1"}],"replies":[{"embeddable":true,"href":"https:\/\/blogdoedvaldomagalhaes.com.br\/index.php\/wp-json\/wp\/v2\/comments?post=122896"}],"version-history":[{"count":1,"href":"https:\/\/blogdoedvaldomagalhaes.com.br\/index.php\/wp-json\/wp\/v2\/posts\/122896\/revisions"}],"predecessor-version":[{"id":122898,"href":"https:\/\/blogdoedvaldomagalhaes.com.br\/index.php\/wp-json\/wp\/v2\/posts\/122896\/revisions\/122898"}],"wp:featuredmedia":[{"embeddable":true,"href":"https:\/\/blogdoedvaldomagalhaes.com.br\/index.php\/wp-json\/wp\/v2\/media\/122897"}],"wp:attachment":[{"href":"https:\/\/blogdoedvaldomagalhaes.com.br\/index.php\/wp-json\/wp\/v2\/media?parent=122896"}],"wp:term":[{"taxonomy":"category","embeddable":true,"href":"https:\/\/blogdoedvaldomagalhaes.com.br\/index.php\/wp-json\/wp\/v2\/categories?post=122896"},{"taxonomy":"post_tag","embeddable":true,"href":"https:\/\/blogdoedvaldomagalhaes.com.br\/index.php\/wp-json\/wp\/v2\/tags?post=122896"}],"curies":[{"name":"wp","href":"https:\/\/api.w.org\/{rel}","templated":true}]}}