{"id":122893,"date":"2025-09-17T21:45:28","date_gmt":"2025-09-18T00:45:28","guid":{"rendered":"https:\/\/blogdoedvaldomagalhaes.com.br\/?p=122893"},"modified":"2025-09-17T21:45:28","modified_gmt":"2025-09-18T00:45:28","slug":"inscricoes-abertas-para-50-meninas-na-3a-edicao-do-baile-petalas-do-agreste","status":"publish","type":"post","link":"https:\/\/blogdoedvaldomagalhaes.com.br\/index.php\/2025\/09\/17\/inscricoes-abertas-para-50-meninas-na-3a-edicao-do-baile-petalas-do-agreste\/","title":{"rendered":"Inscri\u00e7\u00f5es abertas para 50 meninas na 3\u00aa edi\u00e7\u00e3o do Baile P\u00e9talas do Agreste"},"content":{"rendered":"<p>A Secretaria de Educa\u00e7\u00e3o e Esportes, est\u00e1 com inscri\u00e7\u00f5es abertas para a 3\u00aa edi\u00e7\u00e3o do Baile P\u00e9talas do Agreste, que, neste ano, ser\u00e1 realizado no m\u00eas de novembro.<\/p>\n<p>O baile acontece todos os anos, desde 2023, e \u00e9 voltado para alunas da Rede Municipal de Ensino, que, no ano da realiza\u00e7\u00e3o, estejam a completar 15 anos. <\/p>\n<p>As inscri\u00e7\u00f5es seguem at\u00e9 o dia 22 deste m\u00eas e podem ser realizadas atrav\u00e9s do link: https:\/\/forms.gle\/gbhFKvKFWZRmwCs37<\/p>\n<p>Al\u00e9m do dia da festa, as estudantes escolhidas passaram por forma\u00e7\u00f5es de v\u00e1rias \u00e1reas e tem\u00e1ticas distintas, como: protagonismo feminino, qualifica\u00e7\u00e3o profissional, sa\u00fade da mulher e autocuidado.<\/p>\n<p>No total, ser\u00e3o escolhidas 50 debutantes, dentro dos requisitos de:<\/p>\n<p>&#8211; Fam\u00edlia inscrita no Cadastro \u00danico<br \/>\n&#8211; \u2060Menor n\u00famero de faltas no ano de 2024<br \/>\n&#8211; \u2060Maior m\u00e9dia escolar no ano de 2024<br \/>\nSeja seguidor do Instagram @portaledvaldomagalhaes<br \/>\nFoto: Divulga\u00e7\u00e3o <\/p>\n","protected":false},"excerpt":{"rendered":"<p>A Secretaria de Educa\u00e7\u00e3o e Esportes, est\u00e1 com inscri\u00e7\u00f5es abertas para a 3\u00aa edi\u00e7\u00e3o do Baile P\u00e9talas do Agreste, que,&hellip;<\/p>\n","protected":false},"author":1,"featured_media":122894,"comment_status":"closed","ping_status":"open","sticky":false,"template":"","format":"standard","meta":{"footnotes":""},"categories":[14120],"tags":[13146,34694,6,34634],"class_list":["post-122893","post","type-post","status-publish","format-standard","has-post-thumbnail","hentry","category-noticias","tag-blog-edvaldo-magalhaes","tag-inscricoes-abertas-para-50-meninas-na-3a-edicao-do-baile-petalas-do-agreste","tag-noticias","tag-portal-edvaldo-magalhaes"],"_links":{"self":[{"href":"https:\/\/blogdoedvaldomagalhaes.com.br\/index.php\/wp-json\/wp\/v2\/posts\/122893","targetHints":{"allow":["GET"]}}],"collection":[{"href":"https:\/\/blogdoedvaldomagalhaes.com.br\/index.php\/wp-json\/wp\/v2\/posts"}],"about":[{"href":"https:\/\/blogdoedvaldomagalhaes.com.br\/index.php\/wp-json\/wp\/v2\/types\/post"}],"author":[{"embeddable":true,"href":"https:\/\/blogdoedvaldomagalhaes.com.br\/index.php\/wp-json\/wp\/v2\/users\/1"}],"replies":[{"embeddable":true,"href":"https:\/\/blogdoedvaldomagalhaes.com.br\/index.php\/wp-json\/wp\/v2\/comments?post=122893"}],"version-history":[{"count":1,"href":"https:\/\/blogdoedvaldomagalhaes.com.br\/index.php\/wp-json\/wp\/v2\/posts\/122893\/revisions"}],"predecessor-version":[{"id":122895,"href":"https:\/\/blogdoedvaldomagalhaes.com.br\/index.php\/wp-json\/wp\/v2\/posts\/122893\/revisions\/122895"}],"wp:featuredmedia":[{"embeddable":true,"href":"https:\/\/blogdoedvaldomagalhaes.com.br\/index.php\/wp-json\/wp\/v2\/media\/122894"}],"wp:attachment":[{"href":"https:\/\/blogdoedvaldomagalhaes.com.br\/index.php\/wp-json\/wp\/v2\/media?parent=122893"}],"wp:term":[{"taxonomy":"category","embeddable":true,"href":"https:\/\/blogdoedvaldomagalhaes.com.br\/index.php\/wp-json\/wp\/v2\/categories?post=122893"},{"taxonomy":"post_tag","embeddable":true,"href":"https:\/\/blogdoedvaldomagalhaes.com.br\/index.php\/wp-json\/wp\/v2\/tags?post=122893"}],"curies":[{"name":"wp","href":"https:\/\/api.w.org\/{rel}","templated":true}]}}