{"id":122687,"date":"2025-09-08T19:16:24","date_gmt":"2025-09-08T22:16:24","guid":{"rendered":"https:\/\/blogdoedvaldomagalhaes.com.br\/?p=122687"},"modified":"2025-09-08T19:16:24","modified_gmt":"2025-09-08T22:16:24","slug":"feira-diagrama-abre-inscricoes-para-artistas-visuais-de-caruaru-que-poderao-expor-suas-artes-de-forma-gratuita","status":"publish","type":"post","link":"https:\/\/blogdoedvaldomagalhaes.com.br\/index.php\/2025\/09\/08\/feira-diagrama-abre-inscricoes-para-artistas-visuais-de-caruaru-que-poderao-expor-suas-artes-de-forma-gratuita\/","title":{"rendered":"Feira Diagrama abre inscri\u00e7\u00f5es para artistas visuais de Caruaru, que poder\u00e3o expor suas artes de forma gratuita"},"content":{"rendered":"<p>Est\u00e3o abertas, at\u00e9 esta quarta-feira (10.09), as inscri\u00e7\u00f5es para artistas visuais interessados em expor na quarta edi\u00e7\u00e3o da Feira Diagrama. Voltado para a divulga\u00e7\u00e3o de publica\u00e7\u00f5es independentes e experimentos gr\u00e1ficos, o evento acontecer\u00e1 no dia 21 de setembro na Esta\u00e7\u00e3o Ferrovi\u00e1ria. Podem se inscrever  cordelistas, poetas, editoras independentes\/cartoneiras, xilogravuristas, zineiros, escritores, quadrinistas, encadernadores, artistas visuais, coletivos de artistas, al\u00e9m de outras express\u00f5es dos segmentos. <\/p>\n<p>A participa\u00e7\u00e3o \u00e9 gratuita e as vagas s\u00e3o limitadas. Cada selecionado ter\u00e1 direito a uma estrutura de exposi\u00e7\u00e3o, composta por duas mesas, uma cadeira e um varal para expor as pe\u00e7as, al\u00e9m de acesso aos pontos de energia coletivos distribu\u00eddos no espa\u00e7o. Para se inscrever, \u00e9 preciso preencher o formul\u00e1rio dispon\u00edvel no Instagram @feiradiagrama. O resultado da convocat\u00f3ria ser\u00e1 divulgado no dia 12 de setembro.<\/p>\n<p>A Feira Diagrama \u00e9 realizada pela produtora Ana Carolina, por meio da Produtora Arquivo.194. O projeto foi contemplado no Edital de Economia Criativa e Solid\u00e1ria, na categoria II, e conta com apoio financeiro do Governo do Estado de Pernambuco, por meio da Secretaria de Cultura, via Pol\u00edtica Nacional Aldir Blanc de Fomento \u00e0 Cultura (PNAB), direcionado pelo Minist\u00e9rio da Cultura \u2013 Governo Federal.<br \/>\nSeja seguidor do Instagram do Blog pelo @blogdoedvaldomagalhaes<br \/>\nFoto: Daniele Leite<\/p>\n","protected":false},"excerpt":{"rendered":"<p>Est\u00e3o abertas, at\u00e9 esta quarta-feira (10.09), as inscri\u00e7\u00f5es para artistas visuais interessados em expor na quarta edi\u00e7\u00e3o da Feira Diagrama.&hellip;<\/p>\n","protected":false},"author":1,"featured_media":122688,"comment_status":"closed","ping_status":"open","sticky":false,"template":"","format":"standard","meta":{"footnotes":""},"categories":[14120],"tags":[31439,30592,27410,2,34621],"class_list":["post-122687","post","type-post","status-publish","format-standard","has-post-thumbnail","hentry","category-noticias","tag-blgo-mais-acessado","tag-blog-com-mais-seguidores","tag-blog-de-caruaru","tag-blog-do-edvaldo-magalhaes","tag-feira-diagrama-abre-inscricoes-para-artistas-visuais-de-caruaru"],"_links":{"self":[{"href":"https:\/\/blogdoedvaldomagalhaes.com.br\/index.php\/wp-json\/wp\/v2\/posts\/122687","targetHints":{"allow":["GET"]}}],"collection":[{"href":"https:\/\/blogdoedvaldomagalhaes.com.br\/index.php\/wp-json\/wp\/v2\/posts"}],"about":[{"href":"https:\/\/blogdoedvaldomagalhaes.com.br\/index.php\/wp-json\/wp\/v2\/types\/post"}],"author":[{"embeddable":true,"href":"https:\/\/blogdoedvaldomagalhaes.com.br\/index.php\/wp-json\/wp\/v2\/users\/1"}],"replies":[{"embeddable":true,"href":"https:\/\/blogdoedvaldomagalhaes.com.br\/index.php\/wp-json\/wp\/v2\/comments?post=122687"}],"version-history":[{"count":1,"href":"https:\/\/blogdoedvaldomagalhaes.com.br\/index.php\/wp-json\/wp\/v2\/posts\/122687\/revisions"}],"predecessor-version":[{"id":122689,"href":"https:\/\/blogdoedvaldomagalhaes.com.br\/index.php\/wp-json\/wp\/v2\/posts\/122687\/revisions\/122689"}],"wp:featuredmedia":[{"embeddable":true,"href":"https:\/\/blogdoedvaldomagalhaes.com.br\/index.php\/wp-json\/wp\/v2\/media\/122688"}],"wp:attachment":[{"href":"https:\/\/blogdoedvaldomagalhaes.com.br\/index.php\/wp-json\/wp\/v2\/media?parent=122687"}],"wp:term":[{"taxonomy":"category","embeddable":true,"href":"https:\/\/blogdoedvaldomagalhaes.com.br\/index.php\/wp-json\/wp\/v2\/categories?post=122687"},{"taxonomy":"post_tag","embeddable":true,"href":"https:\/\/blogdoedvaldomagalhaes.com.br\/index.php\/wp-json\/wp\/v2\/tags?post=122687"}],"curies":[{"name":"wp","href":"https:\/\/api.w.org\/{rel}","templated":true}]}}