{"id":122684,"date":"2025-09-08T19:10:02","date_gmt":"2025-09-08T22:10:02","guid":{"rendered":"https:\/\/blogdoedvaldomagalhaes.com.br\/?p=122684"},"modified":"2025-09-08T19:10:02","modified_gmt":"2025-09-08T22:10:02","slug":"governo-pe-lanca-edital-para-requalificacao-da-ape-141-na-vila-murici-em-caruaru","status":"publish","type":"post","link":"https:\/\/blogdoedvaldomagalhaes.com.br\/index.php\/2025\/09\/08\/governo-pe-lanca-edital-para-requalificacao-da-ape-141-na-vila-murici-em-caruaru\/","title":{"rendered":"Governo-PE lan\u00e7a edital para requalifica\u00e7\u00e3o da APE-141, na Vila Murici, em Caruaru"},"content":{"rendered":"<p>O Governo de Pernambuco, por meio da Secretaria de Mobilidade e Infraestrutura, Semobi, e do Departamento de Estradas de Rodagem (DER-PE), publicou no s\u00e1bado, 06\/09\/25, o edital de licita\u00e7\u00e3o para as obras de requalifica\u00e7\u00e3o da APE-141, no Murici, em Caruaru, no Agreste Central. <\/p>\n<p>O investimento \u00e9 de *R$ 12,6 milh\u00f5es*, e contemplando *4,55 km de extens\u00e3o*.<\/p>\n<p>A interven\u00e7\u00e3o vai garantir melhores condi\u00e7\u00f5es de mobilidade e seguran\u00e7a para quem circula pela rodovia, que faz a liga\u00e7\u00e3o direta com a *BR-232* principal eixo de escoamento da produ\u00e7\u00e3o do Agreste. A requalifica\u00e7\u00e3o da via tamb\u00e9m ter\u00e1 impacto positivo no desenvolvimento da zona rural de Caruaru e munic\u00edpios vizinhos, beneficiando trabalhadores rurais, estudantes, e moradores que dependem diariamente da estrada.<\/p>\n<p>\u201cA requalifica\u00e7\u00e3o da APE-141 representa mais qualidade de vida para a popula\u00e7\u00e3o de Caruaru. A cidade \u00e9 formada por v\u00e1rias zonas rurais importantes e o Murici \u00e9 uma delas. Essa estrada precisava ser requalificada, pela seguran\u00e7a vi\u00e1ria mas tamb\u00e9m pelo fortalecimento do desenvolvimento local\u201d, destaca o secret\u00e1rio de Mobilidade e Infraestrutura de Pernambuco, Andr\u00e9 Teixeira Filho.<\/p>\n<p>O processo licitat\u00f3rio segue em andamento e, ap\u00f3s a contrata\u00e7\u00e3o da empresa vencedora, as obras ter\u00e3o in\u00edcio imediato.<br \/>\nSiga o Instagram do Blog pelo @blogdoedvaldomagalhaes<br \/>\nFoto: Divulga\u00e7\u00e3o <\/p>\n","protected":false},"excerpt":{"rendered":"<p>O Governo de Pernambuco, por meio da Secretaria de Mobilidade e Infraestrutura, Semobi, e do Departamento de Estradas de Rodagem&hellip;<\/p>\n","protected":false},"author":1,"featured_media":122685,"comment_status":"closed","ping_status":"open","sticky":false,"template":"","format":"standard","meta":{"footnotes":""},"categories":[14122],"tags":[33483,34132,29440,28801,34620,20],"class_list":["post-122684","post","type-post","status-publish","format-standard","has-post-thumbnail","hentry","category-politica","tag-blgo-de-caruaru","tag-blgo-edvaldo-magalhaes","tag-blog-com-mais-visualizacao","tag-blog-mais-acessado","tag-governo-de-pernambuco-lanca-edital-para-requalificacao-da-ape-141-no-murici-em-caruaru","tag-politica"],"_links":{"self":[{"href":"https:\/\/blogdoedvaldomagalhaes.com.br\/index.php\/wp-json\/wp\/v2\/posts\/122684","targetHints":{"allow":["GET"]}}],"collection":[{"href":"https:\/\/blogdoedvaldomagalhaes.com.br\/index.php\/wp-json\/wp\/v2\/posts"}],"about":[{"href":"https:\/\/blogdoedvaldomagalhaes.com.br\/index.php\/wp-json\/wp\/v2\/types\/post"}],"author":[{"embeddable":true,"href":"https:\/\/blogdoedvaldomagalhaes.com.br\/index.php\/wp-json\/wp\/v2\/users\/1"}],"replies":[{"embeddable":true,"href":"https:\/\/blogdoedvaldomagalhaes.com.br\/index.php\/wp-json\/wp\/v2\/comments?post=122684"}],"version-history":[{"count":1,"href":"https:\/\/blogdoedvaldomagalhaes.com.br\/index.php\/wp-json\/wp\/v2\/posts\/122684\/revisions"}],"predecessor-version":[{"id":122686,"href":"https:\/\/blogdoedvaldomagalhaes.com.br\/index.php\/wp-json\/wp\/v2\/posts\/122684\/revisions\/122686"}],"wp:featuredmedia":[{"embeddable":true,"href":"https:\/\/blogdoedvaldomagalhaes.com.br\/index.php\/wp-json\/wp\/v2\/media\/122685"}],"wp:attachment":[{"href":"https:\/\/blogdoedvaldomagalhaes.com.br\/index.php\/wp-json\/wp\/v2\/media?parent=122684"}],"wp:term":[{"taxonomy":"category","embeddable":true,"href":"https:\/\/blogdoedvaldomagalhaes.com.br\/index.php\/wp-json\/wp\/v2\/categories?post=122684"},{"taxonomy":"post_tag","embeddable":true,"href":"https:\/\/blogdoedvaldomagalhaes.com.br\/index.php\/wp-json\/wp\/v2\/tags?post=122684"}],"curies":[{"name":"wp","href":"https:\/\/api.w.org\/{rel}","templated":true}]}}