{"id":122679,"date":"2025-09-08T18:50:15","date_gmt":"2025-09-08T21:50:15","guid":{"rendered":"https:\/\/blogdoedvaldomagalhaes.com.br\/?p=122679"},"modified":"2025-09-08T18:56:15","modified_gmt":"2025-09-08T21:56:15","slug":"canal-6-preftv-inaugura-nova-era-da-comunicacao-publica-em-caruaru","status":"publish","type":"post","link":"https:\/\/blogdoedvaldomagalhaes.com.br\/index.php\/2025\/09\/08\/canal-6-preftv-inaugura-nova-era-da-comunicacao-publica-em-caruaru\/","title":{"rendered":"Canal 6: PrefTV inaugura nova era da comunica\u00e7\u00e3o p\u00fablica em Caruaru"},"content":{"rendered":"<p>A comunica\u00e7\u00e3o p\u00fablica de Caruaru deu um salto hist\u00f3rico, nesta segunda-feira (8), com a inaugura\u00e7\u00e3o oficial da PrefTV, agora transmitindo em sinal aberto pelo canal 6. Liderada pelo prefeito Rodrigo Pinheiro e pelo secret\u00e1rio de Comunica\u00e7\u00e3o, Thiago Azevedo, a cerim\u00f4nia de lan\u00e7amento, realizada no audit\u00f3rio da secretaria de Educa\u00e7\u00e3o, marcou a consolida\u00e7\u00e3o de um projeto que nasceu durante o S\u00e3o Jo\u00e3o de 2022 como uma iniciativa inovadora no YouTube e que agora se prop\u00f5e a ser um pilar de informa\u00e7\u00e3o transparente e valoriza\u00e7\u00e3o cultural para a popula\u00e7\u00e3o da cidade.<\/p>\n<p>O evento contou com a presen\u00e7a de importantes figuras pol\u00edticas e do setor de comunica\u00e7\u00e3o, incluindo o ministro das Comunica\u00e7\u00f5es, Frederico de Siqueira Filho, e o presidente da Empresa Brasil de Comunica\u00e7\u00e3o (EBC), Andr\u00e9 Basbaum. A mesa de honra tamb\u00e9m foi composta pela vice-prefeita Dayse Silva, o deputado federal Fernando Monteiro, a deputada estadual Rosa Amorim, o presidente da TV Pernambuco, F\u00falvio Wagner, o presidente da C\u00e2mara Municipal, Bruno Lambreta, al\u00e9m da secret\u00e1ria-executiva de Comunica\u00e7\u00e3o, Elessandra Melo.<\/p>\n<p>Em seus discursos, as autoridades destacaram a import\u00e2ncia da comunica\u00e7\u00e3o p\u00fablica para a democracia e para o combate \u00e0 desinforma\u00e7\u00e3o. Andr\u00e9 Basbaum, presidente da EBC, enfatizou o papel da nova emissora nesse contexto. &#8220;A TV p\u00fablica, a comunica\u00e7\u00e3o p\u00fablica de qualidade, chegando aqui a Caruaru atrav\u00e9s da PrefTV, tende a aproximar o cidad\u00e3o dessa comunica\u00e7\u00e3o que forma a cidadania&#8221;, afirmou, ressaltando o desafio de &#8220;enfrentar essa praga do nosso mundo, as fake news&#8221;.<\/p>\n<p>O prefeito Rodrigo Pinheiro refor\u00e7ou a mensagem de transpar\u00eancia, descrevendo a inaugura\u00e7\u00e3o como um &#8220;ato democr\u00e1tico&#8221;. Ele destacou a parceria com o governo federal e agradeceu o apoio de parlamentares como o deputado Fernando Monteiro e os senadores Tereza Leit\u00e3o e Humberto Costa. &#8220;Vamos nos ver no canal 6, sem fake news e transmitindo a verdade e comunicando aquilo que a popula\u00e7\u00e3o precisa&#8221;, declarou.<\/p>\n<p>A PrefTV, idealizada pelo secret\u00e1rio de Comunica\u00e7\u00e3o de Caruaru, Thiago Azevedo, promete uma programa\u00e7\u00e3o diversificada, focada em presta\u00e7\u00e3o de servi\u00e7os, divulga\u00e7\u00e3o de pol\u00edticas p\u00fablicas e, principalmente, na valoriza\u00e7\u00e3o da cultura local. Para Azevedo, o lan\u00e7amento em sinal aberto \u00e9 a concretiza\u00e7\u00e3o de um sonho. &#8220;A PrefTV \u00e9 um sonho que come\u00e7ou a tomar forma no S\u00e3o Jo\u00e3o de 2022 e se torna realidade, ampliando o acesso da nossa popula\u00e7\u00e3o \u00e0 informa\u00e7\u00e3o de qualidade&#8221;, disse.<\/p>\n<p>Por fim, o ministro das Comunica\u00e7\u00f5es, Frederico de Siqueira Filho, celebrou a iniciativa como um passo importante para a comunica\u00e7\u00e3o p\u00fablica no pa\u00eds. Ele citou a preocupa\u00e7\u00e3o do presidente Lula em &#8220;ampliar a comunica\u00e7\u00e3o segura com compromisso com a verdade&#8221; e ressaltou que a miss\u00e3o do minist\u00e9rio \u00e9 &#8220;ampliar a capilaridade de iniciativas como essa&#8221; para levar &#8220;comunica\u00e7\u00e3o verdadeira&#8221; aos mais diversos cantos do Brasil.<\/p>\n<p>Com o investimento e a tecnologia que impulsionam o canal, a PrefTV se posiciona para se tornar uma refer\u00eancia em comunica\u00e7\u00e3o transparente, com uma programa\u00e7\u00e3o feita para os caruaruenses. A nova emissora, que j\u00e1 conta com um hist\u00f3rico de sucesso nas transmiss\u00f5es digitais, agora tem a oportunidade de alcan\u00e7ar um p\u00fablico ainda maior, unindo-se ao ecossistema da comunica\u00e7\u00e3o p\u00fablica brasileira.<br \/>\nSeja seguidor do Instagram do Blog pelo @blogdoedvaldomagalhaes<\/p>\n<p><img loading=\"lazy\" decoding=\"async\" src=\"https:\/\/blogdoedvaldomagalhaes.com.br\/wp-content\/uploads\/2025\/09\/img-20250908-wa0142660161610681216235.jpg\" class=\"wp-image-122682 alignnone size-full\" width=\"1600\" height=\"1066\" srcset=\"https:\/\/blogdoedvaldomagalhaes.com.br\/wp-content\/uploads\/2025\/09\/img-20250908-wa0142660161610681216235.jpg 1600w, https:\/\/blogdoedvaldomagalhaes.com.br\/wp-content\/uploads\/2025\/09\/img-20250908-wa0142660161610681216235-300x200.jpg 300w, https:\/\/blogdoedvaldomagalhaes.com.br\/wp-content\/uploads\/2025\/09\/img-20250908-wa0142660161610681216235-1024x682.jpg 1024w, https:\/\/blogdoedvaldomagalhaes.com.br\/wp-content\/uploads\/2025\/09\/img-20250908-wa0142660161610681216235-768x512.jpg 768w, https:\/\/blogdoedvaldomagalhaes.com.br\/wp-content\/uploads\/2025\/09\/img-20250908-wa0142660161610681216235-1536x1023.jpg 1536w\" sizes=\"auto, (max-width: 1600px) 100vw, 1600px\" \/>Fotos: Elvis Edson e Rafael Moreira<\/p>\n","protected":false},"excerpt":{"rendered":"<p>A comunica\u00e7\u00e3o p\u00fablica de Caruaru deu um salto hist\u00f3rico, nesta segunda-feira (8), com a inaugura\u00e7\u00e3o oficial da PrefTV, agora transmitindo&hellip;<\/p>\n","protected":false},"author":1,"featured_media":122680,"comment_status":"closed","ping_status":"open","sticky":false,"template":"","format":"standard","meta":{"footnotes":""},"categories":[14122],"tags":[28803,27410,2,28801,34619],"class_list":["post-122679","post","type-post","status-publish","format-standard","has-post-thumbnail","hentry","category-politica","tag-blog-com-mais-visualizacoes","tag-blog-de-caruaru","tag-blog-do-edvaldo-magalhaes","tag-blog-mais-acessado","tag-canal-6-preftv-inaugura-nova-era-da-comunicacao-publica-em-caruaru"],"_links":{"self":[{"href":"https:\/\/blogdoedvaldomagalhaes.com.br\/index.php\/wp-json\/wp\/v2\/posts\/122679","targetHints":{"allow":["GET"]}}],"collection":[{"href":"https:\/\/blogdoedvaldomagalhaes.com.br\/index.php\/wp-json\/wp\/v2\/posts"}],"about":[{"href":"https:\/\/blogdoedvaldomagalhaes.com.br\/index.php\/wp-json\/wp\/v2\/types\/post"}],"author":[{"embeddable":true,"href":"https:\/\/blogdoedvaldomagalhaes.com.br\/index.php\/wp-json\/wp\/v2\/users\/1"}],"replies":[{"embeddable":true,"href":"https:\/\/blogdoedvaldomagalhaes.com.br\/index.php\/wp-json\/wp\/v2\/comments?post=122679"}],"version-history":[{"count":2,"href":"https:\/\/blogdoedvaldomagalhaes.com.br\/index.php\/wp-json\/wp\/v2\/posts\/122679\/revisions"}],"predecessor-version":[{"id":122683,"href":"https:\/\/blogdoedvaldomagalhaes.com.br\/index.php\/wp-json\/wp\/v2\/posts\/122679\/revisions\/122683"}],"wp:featuredmedia":[{"embeddable":true,"href":"https:\/\/blogdoedvaldomagalhaes.com.br\/index.php\/wp-json\/wp\/v2\/media\/122680"}],"wp:attachment":[{"href":"https:\/\/blogdoedvaldomagalhaes.com.br\/index.php\/wp-json\/wp\/v2\/media?parent=122679"}],"wp:term":[{"taxonomy":"category","embeddable":true,"href":"https:\/\/blogdoedvaldomagalhaes.com.br\/index.php\/wp-json\/wp\/v2\/categories?post=122679"},{"taxonomy":"post_tag","embeddable":true,"href":"https:\/\/blogdoedvaldomagalhaes.com.br\/index.php\/wp-json\/wp\/v2\/tags?post=122679"}],"curies":[{"name":"wp","href":"https:\/\/api.w.org\/{rel}","templated":true}]}}