{"id":122676,"date":"2025-09-08T15:41:42","date_gmt":"2025-09-08T18:41:42","guid":{"rendered":"https:\/\/blogdoedvaldomagalhaes.com.br\/?p=122676"},"modified":"2025-09-08T15:41:42","modified_gmt":"2025-09-08T18:41:42","slug":"gustavo-franco-ex-presidente-do-banco-central-ministra-aula-magna-online-e-gratuita-sobre-economia","status":"publish","type":"post","link":"https:\/\/blogdoedvaldomagalhaes.com.br\/index.php\/2025\/09\/08\/gustavo-franco-ex-presidente-do-banco-central-ministra-aula-magna-online-e-gratuita-sobre-economia\/","title":{"rendered":"Gustavo Franco, ex-presidente do Banco Central, ministra Aula Magna online e gratuita sobre economia"},"content":{"rendered":"<p>O especialista, um dos criadores do Plano Real, participa do lan\u00e7amento do curso Economia no Dia a Dia, promovido pela Ser Educacional<\/p>\n<p>No dia 10 de setembro, \u00e0s 17h, a Ser Educacional, mantenedora da UNINASSAU, UNAMA, UNINORTE, UNG e UNI7, realiza a Aula Magna de lan\u00e7amento do curso &#8220;Economia no Dia a Dia: Conceitos econ\u00f4micos para ajudar o seu desenvolvimento profissional&#8221;.  A aula \u00e9 conduzida por Gustavo Franco, ex-presidente do Banco Central, mestre em Economia pela PUC-RJ e PhD pela Universidade de Harvard, e um dos criadores do Plano Real.  <\/p>\n<p>O economista compartilha sua experi\u00eancia com interessados no tema. O encontro, que acontece pelo Youtube busca aproximar o p\u00fablico dos principais conceitos econ\u00f4micos. A iniciativa promove conhecimento e amplia a compreens\u00e3o sobre a \u00e1rea.<\/p>\n<p>De acordo com Jo\u00e3o Cl\u00e1udio Arroyo, economista, pr\u00f3-reitor de Pesquisa e Extens\u00e3o da UNAMA e Exponser do curso, um dos maiores desafios do pa\u00eds \u00e9 a economia, mas a economia entendida a partir do cotidiano, dos juros, infla\u00e7\u00e3o, desemprego, oportunidades, sobretudo a busca de solu\u00e7\u00f5es sustent\u00e1veis. <\/p>\n<p>&#8220;O conhecimento \u00e9 uma a\u00e7\u00e3o reparadora e coletiva. Nos permite entender a realidade, a desigualdade social e evoluir para um futuro promissor. \u00c9 de grande import\u00e2ncia o lan\u00e7amento desse projeto que traduz os conceitos econ\u00f4micos para aplica\u00e7\u00e3o pr\u00e1tica e sustento de fam\u00edlias brasileiras, al\u00e9m de ser obrigat\u00f3rio para a forma\u00e7\u00e3o de todos os profissionais de n\u00edvel superior&#8221;, conclui.<\/p>\n<p>O evento \u00e9 gratuito e para participar \u00e9 s\u00f3 acessar o canal @Gokursos no YouTube, \u00e0s 17h. O curso \u00e9 oferecido pela Ser Educacional. No dia da aula magna, ser\u00e3o passadas todas as informa\u00e7\u00f5es sobre o formato do curso, carga hor\u00e1ria, como fazer a inscri\u00e7\u00e3o e qual plataforma de transmiss\u00e3o.<br \/>\nSeja seguidor do Instagram do Blog pelo @blogdoedvaldomagalhaes<br \/>\nFoto: Divulga\u00e7\u00e3o <\/p>\n","protected":false},"excerpt":{"rendered":"<p>O especialista, um dos criadores do Plano Real, participa do lan\u00e7amento do curso Economia no Dia a Dia, promovido pela&hellip;<\/p>\n","protected":false},"author":1,"featured_media":122677,"comment_status":"closed","ping_status":"open","sticky":false,"template":"","format":"standard","meta":{"footnotes":""},"categories":[14120],"tags":[29440,27410,2,28801,34617,34618],"class_list":["post-122676","post","type-post","status-publish","format-standard","has-post-thumbnail","hentry","category-noticias","tag-blog-com-mais-visualizacao","tag-blog-de-caruaru","tag-blog-do-edvaldo-magalhaes","tag-blog-mais-acessado","tag-gustavo-franco-ex-presidente-do-banco-central","tag-ministra-aula-magna-online-e-gratuita-sobre-economia"],"_links":{"self":[{"href":"https:\/\/blogdoedvaldomagalhaes.com.br\/index.php\/wp-json\/wp\/v2\/posts\/122676","targetHints":{"allow":["GET"]}}],"collection":[{"href":"https:\/\/blogdoedvaldomagalhaes.com.br\/index.php\/wp-json\/wp\/v2\/posts"}],"about":[{"href":"https:\/\/blogdoedvaldomagalhaes.com.br\/index.php\/wp-json\/wp\/v2\/types\/post"}],"author":[{"embeddable":true,"href":"https:\/\/blogdoedvaldomagalhaes.com.br\/index.php\/wp-json\/wp\/v2\/users\/1"}],"replies":[{"embeddable":true,"href":"https:\/\/blogdoedvaldomagalhaes.com.br\/index.php\/wp-json\/wp\/v2\/comments?post=122676"}],"version-history":[{"count":1,"href":"https:\/\/blogdoedvaldomagalhaes.com.br\/index.php\/wp-json\/wp\/v2\/posts\/122676\/revisions"}],"predecessor-version":[{"id":122678,"href":"https:\/\/blogdoedvaldomagalhaes.com.br\/index.php\/wp-json\/wp\/v2\/posts\/122676\/revisions\/122678"}],"wp:featuredmedia":[{"embeddable":true,"href":"https:\/\/blogdoedvaldomagalhaes.com.br\/index.php\/wp-json\/wp\/v2\/media\/122677"}],"wp:attachment":[{"href":"https:\/\/blogdoedvaldomagalhaes.com.br\/index.php\/wp-json\/wp\/v2\/media?parent=122676"}],"wp:term":[{"taxonomy":"category","embeddable":true,"href":"https:\/\/blogdoedvaldomagalhaes.com.br\/index.php\/wp-json\/wp\/v2\/categories?post=122676"},{"taxonomy":"post_tag","embeddable":true,"href":"https:\/\/blogdoedvaldomagalhaes.com.br\/index.php\/wp-json\/wp\/v2\/tags?post=122676"}],"curies":[{"name":"wp","href":"https:\/\/api.w.org\/{rel}","templated":true}]}}