{"id":122645,"date":"2025-09-06T19:00:16","date_gmt":"2025-09-06T22:00:16","guid":{"rendered":"https:\/\/blogdoedvaldomagalhaes.com.br\/?p=122645"},"modified":"2025-09-06T19:00:16","modified_gmt":"2025-09-06T22:00:16","slug":"baraunas-recebe-a-proxima-edicao-do-prefeitura-na-porta-a-partir-desta-segunda-feira-8","status":"publish","type":"post","link":"https:\/\/blogdoedvaldomagalhaes.com.br\/index.php\/2025\/09\/06\/baraunas-recebe-a-proxima-edicao-do-prefeitura-na-porta-a-partir-desta-segunda-feira-8\/","title":{"rendered":"Bara\u00fanas recebe a pr\u00f3xima edi\u00e7\u00e3o do \u201cPrefeitura na Porta\u201d a partir desta segunda-feira (8)"},"content":{"rendered":"<p>A partir desta segunda-feira (08.09), o bairro Bara\u00fanas recebe o \u201cPrefeitura na Porta\u201d, que leva at\u00e9 as comunidades uma s\u00e9rie de servi\u00e7os de zeladoria. O intuito do programa \u00e9 ampliar o cuidado com a cidade, intensificando as a\u00e7\u00f5es de limpeza e promovendo mais qualidade de vida para os moradores. <\/p>\n<p>A a\u00e7\u00e3o realizada pela Prefeitura de Caruaru, por meio da Secretaria de Servi\u00e7os P\u00fablicos (Sesp), contempla poda de \u00e1rvores, capina\u00e7\u00e3o, varri\u00e7\u00e3o, manuten\u00e7\u00e3o da ilumina\u00e7\u00e3o p\u00fablica, remo\u00e7\u00e3o de entulho, limpeza de rios e canais, al\u00e9m de servi\u00e7os de zeladoria em geral. A AME Animal tamb\u00e9m estar\u00e1 presente, com o Castram\u00f3vel, oferecendo atendimentos para c\u00e3es e gatos.<\/p>\n<p>Com a\u00e7\u00f5es integradas, o \u201cPrefeitura na Porta\u201d refor\u00e7a o compromisso da gest\u00e3o municipal em cuidar dos bairros de Caruaru. O secret\u00e1rio de Servi\u00e7os P\u00fablicos, Vital Flor\u00eancio, destaca a import\u00e2ncia da iniciativa: \u201cO programa aproxima a Prefeitura das pessoas. \u00c9 quando os servi\u00e7os s\u00e3o intensificados e chegam juntos a um bairro, trazendo organiza\u00e7\u00e3o, limpeza e mais bem-estar para a popula\u00e7\u00e3o\u201d.<br \/>\nSiga o Instagram do Blog pelo @blogdoedvaldomagalhaes<br \/>\nFoto: Divulga\u00e7\u00e3o\/Secom\/PMC<\/p>\n","protected":false},"excerpt":{"rendered":"<p>A partir desta segunda-feira (08.09), o bairro Bara\u00fanas recebe o \u201cPrefeitura na Porta\u201d, que leva at\u00e9 as comunidades uma s\u00e9rie&hellip;<\/p>\n","protected":false},"author":1,"featured_media":122646,"comment_status":"closed","ping_status":"open","sticky":false,"template":"","format":"standard","meta":{"footnotes":""},"categories":[14122],"tags":[34609,30592,27410,13146,28801],"class_list":["post-122645","post","type-post","status-publish","format-standard","has-post-thumbnail","hentry","category-politica","tag-baraunas-recebe-a-proxima-edicao-do-prefeitura-na-porta-a-partir-desta-segunda-feira-8","tag-blog-com-mais-seguidores","tag-blog-de-caruaru","tag-blog-edvaldo-magalhaes","tag-blog-mais-acessado"],"_links":{"self":[{"href":"https:\/\/blogdoedvaldomagalhaes.com.br\/index.php\/wp-json\/wp\/v2\/posts\/122645","targetHints":{"allow":["GET"]}}],"collection":[{"href":"https:\/\/blogdoedvaldomagalhaes.com.br\/index.php\/wp-json\/wp\/v2\/posts"}],"about":[{"href":"https:\/\/blogdoedvaldomagalhaes.com.br\/index.php\/wp-json\/wp\/v2\/types\/post"}],"author":[{"embeddable":true,"href":"https:\/\/blogdoedvaldomagalhaes.com.br\/index.php\/wp-json\/wp\/v2\/users\/1"}],"replies":[{"embeddable":true,"href":"https:\/\/blogdoedvaldomagalhaes.com.br\/index.php\/wp-json\/wp\/v2\/comments?post=122645"}],"version-history":[{"count":1,"href":"https:\/\/blogdoedvaldomagalhaes.com.br\/index.php\/wp-json\/wp\/v2\/posts\/122645\/revisions"}],"predecessor-version":[{"id":122647,"href":"https:\/\/blogdoedvaldomagalhaes.com.br\/index.php\/wp-json\/wp\/v2\/posts\/122645\/revisions\/122647"}],"wp:featuredmedia":[{"embeddable":true,"href":"https:\/\/blogdoedvaldomagalhaes.com.br\/index.php\/wp-json\/wp\/v2\/media\/122646"}],"wp:attachment":[{"href":"https:\/\/blogdoedvaldomagalhaes.com.br\/index.php\/wp-json\/wp\/v2\/media?parent=122645"}],"wp:term":[{"taxonomy":"category","embeddable":true,"href":"https:\/\/blogdoedvaldomagalhaes.com.br\/index.php\/wp-json\/wp\/v2\/categories?post=122645"},{"taxonomy":"post_tag","embeddable":true,"href":"https:\/\/blogdoedvaldomagalhaes.com.br\/index.php\/wp-json\/wp\/v2\/tags?post=122645"}],"curies":[{"name":"wp","href":"https:\/\/api.w.org\/{rel}","templated":true}]}}