{"id":122642,"date":"2025-09-06T18:51:17","date_gmt":"2025-09-06T21:51:17","guid":{"rendered":"https:\/\/blogdoedvaldomagalhaes.com.br\/?p=122642"},"modified":"2025-09-06T18:51:17","modified_gmt":"2025-09-06T21:51:17","slug":"defesa-civil-de-caruaru-amplia-grupo-de-voluntarios-e-realiza-capacitacao","status":"publish","type":"post","link":"https:\/\/blogdoedvaldomagalhaes.com.br\/index.php\/2025\/09\/06\/defesa-civil-de-caruaru-amplia-grupo-de-voluntarios-e-realiza-capacitacao\/","title":{"rendered":"Defesa Civil de Caruaru amplia grupo de volunt\u00e1rios e realiza capacita\u00e7\u00e3o"},"content":{"rendered":"<p>A Coordenadoria Municipal de Prote\u00e7\u00e3o e Defesa Civil de Caruaru promoveu, nesta semana, uma capacita\u00e7\u00e3o com o grupo de volunt\u00e1rios da institui\u00e7\u00e3o.<\/p>\n<p>Antes, a coordenadoria contava com 23 volunt\u00e1rios cadastrados. Agora, esse n\u00famero mais do que dobrou, passando a contar com 53 pessoas. Todos os integrantes passaram por triagem documental, avalia\u00e7\u00e3o m\u00e9dica e assinatura do Termo de Ades\u00e3o.<\/p>\n<p>O encontro foi de grande import\u00e2ncia para os novos participantes, que puderam conhecer de perto o trabalho da Defesa Civil no munic\u00edpio e a legisla\u00e7\u00e3o que rege suas atividades.<\/p>\n<p>Conforme o planejamento, todos os volunt\u00e1rios passar\u00e3o por capacita\u00e7\u00f5es antes de atuarem em a\u00e7\u00f5es futuras, de acordo com suas especialidades e habilidades. O grupo \u00e9 formado por bombeiros civis, engenheiros, assistentes sociais, t\u00e9cnico ambiental, educador f\u00edsico, aut\u00f4nomos, servidores p\u00fablicos, motoristas, enfermeiros, entre outros profissionais.<\/p>\n<p>\u201cA Defesa Civil tem um papel fundamental na prote\u00e7\u00e3o da popula\u00e7\u00e3o em situa\u00e7\u00f5es de risco. A amplia\u00e7\u00e3o e capacita\u00e7\u00e3o do grupo de volunt\u00e1rios refor\u00e7am a capacidade de resposta do munic\u00edpio, mostrando que Caruaru est\u00e1 cada vez mais preparada para enfrentar desafios e atuar de forma preventiva\u201d, destacou o secret\u00e1rio de Seguran\u00e7a Municipal, Coronel Patr\u00edcio Filho.<br \/>\nSeja seguidor do Instagram do Blog pelo @blogdoedvaldomagalhaes<br \/>\nFoto: Divulga\u00e7\u00e3o\/Secom\/PMC<\/p>\n","protected":false},"excerpt":{"rendered":"<p>A Coordenadoria Municipal de Prote\u00e7\u00e3o e Defesa Civil de Caruaru promoveu, nesta semana, uma capacita\u00e7\u00e3o com o grupo de volunt\u00e1rios&hellip;<\/p>\n","protected":false},"author":1,"featured_media":122643,"comment_status":"closed","ping_status":"open","sticky":false,"template":"","format":"standard","meta":{"footnotes":""},"categories":[14120],"tags":[30592,27410,2,28801,34608],"class_list":["post-122642","post","type-post","status-publish","format-standard","has-post-thumbnail","hentry","category-noticias","tag-blog-com-mais-seguidores","tag-blog-de-caruaru","tag-blog-do-edvaldo-magalhaes","tag-blog-mais-acessado","tag-defesa-civil-de-caruaru-amplia-grupo-de-voluntarios-e-realiza-capacitacao"],"_links":{"self":[{"href":"https:\/\/blogdoedvaldomagalhaes.com.br\/index.php\/wp-json\/wp\/v2\/posts\/122642","targetHints":{"allow":["GET"]}}],"collection":[{"href":"https:\/\/blogdoedvaldomagalhaes.com.br\/index.php\/wp-json\/wp\/v2\/posts"}],"about":[{"href":"https:\/\/blogdoedvaldomagalhaes.com.br\/index.php\/wp-json\/wp\/v2\/types\/post"}],"author":[{"embeddable":true,"href":"https:\/\/blogdoedvaldomagalhaes.com.br\/index.php\/wp-json\/wp\/v2\/users\/1"}],"replies":[{"embeddable":true,"href":"https:\/\/blogdoedvaldomagalhaes.com.br\/index.php\/wp-json\/wp\/v2\/comments?post=122642"}],"version-history":[{"count":1,"href":"https:\/\/blogdoedvaldomagalhaes.com.br\/index.php\/wp-json\/wp\/v2\/posts\/122642\/revisions"}],"predecessor-version":[{"id":122644,"href":"https:\/\/blogdoedvaldomagalhaes.com.br\/index.php\/wp-json\/wp\/v2\/posts\/122642\/revisions\/122644"}],"wp:featuredmedia":[{"embeddable":true,"href":"https:\/\/blogdoedvaldomagalhaes.com.br\/index.php\/wp-json\/wp\/v2\/media\/122643"}],"wp:attachment":[{"href":"https:\/\/blogdoedvaldomagalhaes.com.br\/index.php\/wp-json\/wp\/v2\/media?parent=122642"}],"wp:term":[{"taxonomy":"category","embeddable":true,"href":"https:\/\/blogdoedvaldomagalhaes.com.br\/index.php\/wp-json\/wp\/v2\/categories?post=122642"},{"taxonomy":"post_tag","embeddable":true,"href":"https:\/\/blogdoedvaldomagalhaes.com.br\/index.php\/wp-json\/wp\/v2\/tags?post=122642"}],"curies":[{"name":"wp","href":"https:\/\/api.w.org\/{rel}","templated":true}]}}