{"id":122639,"date":"2025-09-06T18:41:50","date_gmt":"2025-09-06T21:41:50","guid":{"rendered":"https:\/\/blogdoedvaldomagalhaes.com.br\/?p=122639"},"modified":"2025-09-06T18:41:50","modified_gmt":"2025-09-06T21:41:50","slug":"cantor-fabio-jr-e-convidado-a-ser-patrono-do-instituto-do-transtorno-do-espectro-autista-de-caruaru-iteac","status":"publish","type":"post","link":"https:\/\/blogdoedvaldomagalhaes.com.br\/index.php\/2025\/09\/06\/cantor-fabio-jr-e-convidado-a-ser-patrono-do-instituto-do-transtorno-do-espectro-autista-de-caruaru-iteac\/","title":{"rendered":"Cantor F\u00e1bio Jr. \u00e9 convidado a ser patrono do Instituto do Transtorno do Espectro Autista de Caruaru (ITEAC)"},"content":{"rendered":"<p>Na \u00faltima sexta-feira (05.09),antes de subir ao palco para seu show, o cantor F\u00e1bio Jr. recebeu uma homenagem e o convite para se tornar patrono do Instituto do Transtorno do Espectro Autista de Caruaru (ITEAC).<\/p>\n<p>O reconhecimento foi feito pela presidente do instituto, Williane Claudino, em agradecimento ao apoio do artista, que desde o in\u00edcio da institui\u00e7\u00e3o gravou um v\u00eddeo incentivando doa\u00e7\u00f5es e destacando a import\u00e2ncia do acolhimento \u00e0s fam\u00edlias at\u00edpicas.<\/p>\n<p>O ITEAC \u00e9 uma organiza\u00e7\u00e3o sem fins lucrativos que oferece atendimento e apoio a crian\u00e7as e fam\u00edlias at\u00edpicas, promovendo respeito, inclus\u00e3o e conscientiza\u00e7\u00e3o sobre o autismo.<br \/>\nSiga o Instagram do Blog pelo @blogdoedvaldomagalhaes<br \/>\nFoto: Divulga\u00e7\u00e3o <\/p>\n","protected":false},"excerpt":{"rendered":"<p>Na \u00faltima sexta-feira (05.09),antes de subir ao palco para seu show, o cantor F\u00e1bio Jr. recebeu uma homenagem e o&hellip;<\/p>\n","protected":false},"author":1,"featured_media":122640,"comment_status":"closed","ping_status":"open","sticky":false,"template":"","format":"standard","meta":{"footnotes":""},"categories":[14120],"tags":[29440,27410,13146,28801,34607],"class_list":["post-122639","post","type-post","status-publish","format-standard","has-post-thumbnail","hentry","category-noticias","tag-blog-com-mais-visualizacao","tag-blog-de-caruaru","tag-blog-edvaldo-magalhaes","tag-blog-mais-acessado","tag-cantor-fabio-jr-e-convidado-a-ser-patrono-do-instituto-do-transtorno-do-espectro-autista-de-caruaru-iteac"],"_links":{"self":[{"href":"https:\/\/blogdoedvaldomagalhaes.com.br\/index.php\/wp-json\/wp\/v2\/posts\/122639","targetHints":{"allow":["GET"]}}],"collection":[{"href":"https:\/\/blogdoedvaldomagalhaes.com.br\/index.php\/wp-json\/wp\/v2\/posts"}],"about":[{"href":"https:\/\/blogdoedvaldomagalhaes.com.br\/index.php\/wp-json\/wp\/v2\/types\/post"}],"author":[{"embeddable":true,"href":"https:\/\/blogdoedvaldomagalhaes.com.br\/index.php\/wp-json\/wp\/v2\/users\/1"}],"replies":[{"embeddable":true,"href":"https:\/\/blogdoedvaldomagalhaes.com.br\/index.php\/wp-json\/wp\/v2\/comments?post=122639"}],"version-history":[{"count":1,"href":"https:\/\/blogdoedvaldomagalhaes.com.br\/index.php\/wp-json\/wp\/v2\/posts\/122639\/revisions"}],"predecessor-version":[{"id":122641,"href":"https:\/\/blogdoedvaldomagalhaes.com.br\/index.php\/wp-json\/wp\/v2\/posts\/122639\/revisions\/122641"}],"wp:featuredmedia":[{"embeddable":true,"href":"https:\/\/blogdoedvaldomagalhaes.com.br\/index.php\/wp-json\/wp\/v2\/media\/122640"}],"wp:attachment":[{"href":"https:\/\/blogdoedvaldomagalhaes.com.br\/index.php\/wp-json\/wp\/v2\/media?parent=122639"}],"wp:term":[{"taxonomy":"category","embeddable":true,"href":"https:\/\/blogdoedvaldomagalhaes.com.br\/index.php\/wp-json\/wp\/v2\/categories?post=122639"},{"taxonomy":"post_tag","embeddable":true,"href":"https:\/\/blogdoedvaldomagalhaes.com.br\/index.php\/wp-json\/wp\/v2\/tags?post=122639"}],"curies":[{"name":"wp","href":"https:\/\/api.w.org\/{rel}","templated":true}]}}