{"id":122630,"date":"2025-09-06T15:56:39","date_gmt":"2025-09-06T18:56:39","guid":{"rendered":"https:\/\/blogdoedvaldomagalhaes.com.br\/?p=122630"},"modified":"2025-09-06T16:00:04","modified_gmt":"2025-09-06T19:00:04","slug":"tiro-de-guerra-de-caruaru-realiza-formatura-para-receber-general-de-exercito-ribeiro-comandante-militar-do-nordeste","status":"publish","type":"post","link":"https:\/\/blogdoedvaldomagalhaes.com.br\/index.php\/2025\/09\/06\/tiro-de-guerra-de-caruaru-realiza-formatura-para-receber-general-de-exercito-ribeiro-comandante-militar-do-nordeste\/","title":{"rendered":"Tiro de Guerra de Caruaru realiza formatura para receber General de Ex\u00e9rcito Ribeiro, Comandante Militar do Nordeste"},"content":{"rendered":"<p>Caruaru (PE), 02 de setembro de 2025 \u2013 O Tiro de Guerra 07-014 realizou, na ter\u00e7a-feira, uma formatura para receber a visita do Senhor General de Ex\u00e9rcito Maur\u00edlio Miranda Netto Ribeiro, Comandante Militar do Nordeste.<\/p>\n<p><img loading=\"lazy\" decoding=\"async\" src=\"https:\/\/blogdoedvaldomagalhaes.com.br\/wp-content\/uploads\/2025\/09\/img-20250906-wa00893685606574668403333.jpg\" class=\"wp-image-122637 alignnone size-full\" width=\"1600\" height=\"1063\" srcset=\"https:\/\/blogdoedvaldomagalhaes.com.br\/wp-content\/uploads\/2025\/09\/img-20250906-wa00893685606574668403333.jpg 1600w, https:\/\/blogdoedvaldomagalhaes.com.br\/wp-content\/uploads\/2025\/09\/img-20250906-wa00893685606574668403333-300x199.jpg 300w, https:\/\/blogdoedvaldomagalhaes.com.br\/wp-content\/uploads\/2025\/09\/img-20250906-wa00893685606574668403333-1024x680.jpg 1024w, https:\/\/blogdoedvaldomagalhaes.com.br\/wp-content\/uploads\/2025\/09\/img-20250906-wa00893685606574668403333-768x510.jpg 768w, https:\/\/blogdoedvaldomagalhaes.com.br\/wp-content\/uploads\/2025\/09\/img-20250906-wa00893685606574668403333-1536x1020.jpg 1536w\" sizes=\"auto, (max-width: 1600px) 100vw, 1600px\" \/><\/p>\n<p>A solenidade contou com a presen\u00e7a de importantes autoridades militares e civis, entre elas o Senhor General de Divis\u00e3o Fernando Bartholomeu Fernandes, Comandante da 7\u00aa Divis\u00e3o de Ex\u00e9rcito, o Senhor General de Divis\u00e3o Andrelucio Ricardo Couto, Comandante da 7\u00aa Regi\u00e3o Militar, o Senhor Kaio Cola\u00e7o, Secret\u00e1rio de Educa\u00e7\u00e3o de Caruaru, representando o Prefeito da cidade, o senhor Vereador Jorge Quintino, vice presidente da C\u00e2mara de Vereadores, o Senhor Vereador Walter Cardoso Leite, o Senhor Vital Flor\u00eancio dos Santos, Secret\u00e1rio de Servi\u00e7os P\u00fablicos e Sustentabilidade, o Senhor Juiz Federal Jos\u00e9 Moreira da Silva Neto, o senhor Reverend\u00edssimo F\u00e1bio Silva, P\u00e1roco da Catedral, o Senhor Tenente Coronel Fabiano Gomes Moreira, Comandante do do 4\u00ba BPM, o senhor Major F\u00e1bio de Ara\u00fajo da Silva, Scmt do 1\u00ba BIEsp, o senhor Major Andr\u00e9 Pereira Scmt do 2\u00ba Grupamento de Bombeiros, o Senhor H\u00e9lio Davino, Chefe da Pol\u00edcia Rodovi\u00e1ria Federal, o senhor Delegado Andr\u00e9 Campos de Lavor, Chefe da Delegacia da Pol\u00edcia Federal, o senhor Henriqe Ramos Rodrigues, Promotor do Minist\u00e9rio P\u00fablico Federal, o senhor Capit\u00e3o Ronald Felipe de Paula Santana, Comandante da 10\u00aa Cia E Cmb, o Senhor Evandir Amorim, Comandante da Guarda Municipal, o Senhor Lincolin Robson de Souza, Chefe do DNIT, O Senhor Subtenente Fl\u00e1vio Ferreira da Silva, Adjunto de Comando  do CMNE, o Subtenente Pablo Rodrigo Fontoura, Adjunto de Comando da 7\u00aa Divis\u00e3o de Ex\u00e9rcito, o Subtenente Veliton Fernando de Lima, Adjunto de Comando da 7\u00aa Regi\u00e3o Militar, e do Subtenente Ersio Fontenele Soares, Chefe da Instru\u00e7\u00e3o do TG 07-014.<img loading=\"lazy\" decoding=\"async\" src=\"https:\/\/blogdoedvaldomagalhaes.com.br\/wp-content\/uploads\/2025\/09\/img-20250906-wa00853918882897259608533.jpg\" class=\"wp-image-122633 alignnone size-full\" width=\"1600\" height=\"1063\" srcset=\"https:\/\/blogdoedvaldomagalhaes.com.br\/wp-content\/uploads\/2025\/09\/img-20250906-wa00853918882897259608533.jpg 1600w, https:\/\/blogdoedvaldomagalhaes.com.br\/wp-content\/uploads\/2025\/09\/img-20250906-wa00853918882897259608533-300x199.jpg 300w, https:\/\/blogdoedvaldomagalhaes.com.br\/wp-content\/uploads\/2025\/09\/img-20250906-wa00853918882897259608533-1024x680.jpg 1024w, https:\/\/blogdoedvaldomagalhaes.com.br\/wp-content\/uploads\/2025\/09\/img-20250906-wa00853918882897259608533-768x510.jpg 768w, https:\/\/blogdoedvaldomagalhaes.com.br\/wp-content\/uploads\/2025\/09\/img-20250906-wa00853918882897259608533-1536x1020.jpg 1536w\" sizes=\"auto, (max-width: 1600px) 100vw, 1600px\" \/><\/p>\n<p>Durante a visita, foram apresentadas as instala\u00e7\u00f5es do Tiro de Guerra e compartilhada sua trajet\u00f3ria hist\u00f3rica de 75 anos de servi\u00e7os prestados \u00e0 cidade de Caruaru, reafirmando sua import\u00e2ncia como escola de civismo e cidadania. Na ocasi\u00e3o, os atiradores realizaram a formatura com disciplina, garbo militar e esp\u00edrito c\u00edvico, recebendo elogios das autoridades presentes. O Comandante Militar do Nordeste parabenizou os atiradores e os instrutores pela excel\u00eancia da atividade, reconhecendo o trabalho desempenhado na forma\u00e7\u00e3o de jovens cidad\u00e3os comprometidos com a p\u00e1tria e a sociedade.<\/p>\n<p><img loading=\"lazy\" decoding=\"async\" src=\"https:\/\/blogdoedvaldomagalhaes.com.br\/wp-content\/uploads\/2025\/09\/img-20250906-wa00864754500120640166780.jpg\" class=\"wp-image-122634 alignnone size-full\" width=\"1600\" height=\"1063\" srcset=\"https:\/\/blogdoedvaldomagalhaes.com.br\/wp-content\/uploads\/2025\/09\/img-20250906-wa00864754500120640166780.jpg 1600w, https:\/\/blogdoedvaldomagalhaes.com.br\/wp-content\/uploads\/2025\/09\/img-20250906-wa00864754500120640166780-300x199.jpg 300w, https:\/\/blogdoedvaldomagalhaes.com.br\/wp-content\/uploads\/2025\/09\/img-20250906-wa00864754500120640166780-1024x680.jpg 1024w, https:\/\/blogdoedvaldomagalhaes.com.br\/wp-content\/uploads\/2025\/09\/img-20250906-wa00864754500120640166780-768x510.jpg 768w, https:\/\/blogdoedvaldomagalhaes.com.br\/wp-content\/uploads\/2025\/09\/img-20250906-wa00864754500120640166780-1536x1020.jpg 1536w\" sizes=\"auto, (max-width: 1600px) 100vw, 1600px\" \/><\/p>\n<p>Com esse momento marcante, o Tiro de Guerra 07-014 fortalece ainda mais sua miss\u00e3o de formar n\u00e3o apenas reservistas para o Ex\u00e9rcito Brasileiro, mas cidad\u00e3os conscientes do seu papel na constru\u00e7\u00e3o de uma sociedade melhor, estreitando os la\u00e7os entre a institui\u00e7\u00e3o militar e a comunidade local.<br \/>\nSiga o Instagram do Blog pelo @blogdoedvaldomagalhaes<\/p>\n<p><img loading=\"lazy\" decoding=\"async\" src=\"https:\/\/blogdoedvaldomagalhaes.com.br\/wp-content\/uploads\/2025\/09\/img-20250906-wa00955319182975634512219.jpg\" class=\"wp-image-122635 alignnone size-full\" width=\"1600\" height=\"1063\" srcset=\"https:\/\/blogdoedvaldomagalhaes.com.br\/wp-content\/uploads\/2025\/09\/img-20250906-wa00955319182975634512219.jpg 1600w, https:\/\/blogdoedvaldomagalhaes.com.br\/wp-content\/uploads\/2025\/09\/img-20250906-wa00955319182975634512219-300x199.jpg 300w, https:\/\/blogdoedvaldomagalhaes.com.br\/wp-content\/uploads\/2025\/09\/img-20250906-wa00955319182975634512219-1024x680.jpg 1024w, https:\/\/blogdoedvaldomagalhaes.com.br\/wp-content\/uploads\/2025\/09\/img-20250906-wa00955319182975634512219-768x510.jpg 768w, https:\/\/blogdoedvaldomagalhaes.com.br\/wp-content\/uploads\/2025\/09\/img-20250906-wa00955319182975634512219-1536x1020.jpg 1536w\" sizes=\"auto, (max-width: 1600px) 100vw, 1600px\" \/><img loading=\"lazy\" decoding=\"async\" src=\"https:\/\/blogdoedvaldomagalhaes.com.br\/wp-content\/uploads\/2025\/09\/img-20250906-wa00946918064890077555762.jpg\" class=\"wp-image-122636 alignnone size-full\" width=\"1600\" height=\"1063\" srcset=\"https:\/\/blogdoedvaldomagalhaes.com.br\/wp-content\/uploads\/2025\/09\/img-20250906-wa00946918064890077555762.jpg 1600w, https:\/\/blogdoedvaldomagalhaes.com.br\/wp-content\/uploads\/2025\/09\/img-20250906-wa00946918064890077555762-300x199.jpg 300w, https:\/\/blogdoedvaldomagalhaes.com.br\/wp-content\/uploads\/2025\/09\/img-20250906-wa00946918064890077555762-1024x680.jpg 1024w, https:\/\/blogdoedvaldomagalhaes.com.br\/wp-content\/uploads\/2025\/09\/img-20250906-wa00946918064890077555762-768x510.jpg 768w, https:\/\/blogdoedvaldomagalhaes.com.br\/wp-content\/uploads\/2025\/09\/img-20250906-wa00946918064890077555762-1536x1020.jpg 1536w\" sizes=\"auto, (max-width: 1600px) 100vw, 1600px\" \/><\/p>\n<p>Fotos: Divulga\u00e7\u00e3o<\/p>\n","protected":false},"excerpt":{"rendered":"<p>Caruaru (PE), 02 de setembro de 2025 \u2013 O Tiro de Guerra 07-014 realizou, na ter\u00e7a-feira, uma formatura para receber&hellip;<\/p>\n","protected":false},"author":1,"featured_media":122631,"comment_status":"closed","ping_status":"open","sticky":false,"template":"","format":"standard","meta":{"footnotes":""},"categories":[14120],"tags":[28803,27410,13146,28801],"class_list":["post-122630","post","type-post","status-publish","format-standard","has-post-thumbnail","hentry","category-noticias","tag-blog-com-mais-visualizacoes","tag-blog-de-caruaru","tag-blog-edvaldo-magalhaes","tag-blog-mais-acessado"],"_links":{"self":[{"href":"https:\/\/blogdoedvaldomagalhaes.com.br\/index.php\/wp-json\/wp\/v2\/posts\/122630","targetHints":{"allow":["GET"]}}],"collection":[{"href":"https:\/\/blogdoedvaldomagalhaes.com.br\/index.php\/wp-json\/wp\/v2\/posts"}],"about":[{"href":"https:\/\/blogdoedvaldomagalhaes.com.br\/index.php\/wp-json\/wp\/v2\/types\/post"}],"author":[{"embeddable":true,"href":"https:\/\/blogdoedvaldomagalhaes.com.br\/index.php\/wp-json\/wp\/v2\/users\/1"}],"replies":[{"embeddable":true,"href":"https:\/\/blogdoedvaldomagalhaes.com.br\/index.php\/wp-json\/wp\/v2\/comments?post=122630"}],"version-history":[{"count":2,"href":"https:\/\/blogdoedvaldomagalhaes.com.br\/index.php\/wp-json\/wp\/v2\/posts\/122630\/revisions"}],"predecessor-version":[{"id":122638,"href":"https:\/\/blogdoedvaldomagalhaes.com.br\/index.php\/wp-json\/wp\/v2\/posts\/122630\/revisions\/122638"}],"wp:featuredmedia":[{"embeddable":true,"href":"https:\/\/blogdoedvaldomagalhaes.com.br\/index.php\/wp-json\/wp\/v2\/media\/122631"}],"wp:attachment":[{"href":"https:\/\/blogdoedvaldomagalhaes.com.br\/index.php\/wp-json\/wp\/v2\/media?parent=122630"}],"wp:term":[{"taxonomy":"category","embeddable":true,"href":"https:\/\/blogdoedvaldomagalhaes.com.br\/index.php\/wp-json\/wp\/v2\/categories?post=122630"},{"taxonomy":"post_tag","embeddable":true,"href":"https:\/\/blogdoedvaldomagalhaes.com.br\/index.php\/wp-json\/wp\/v2\/tags?post=122630"}],"curies":[{"name":"wp","href":"https:\/\/api.w.org\/{rel}","templated":true}]}}