{"id":122625,"date":"2025-09-06T13:48:30","date_gmt":"2025-09-06T16:48:30","guid":{"rendered":"https:\/\/blogdoedvaldomagalhaes.com.br\/?p=122625"},"modified":"2025-09-06T19:24:27","modified_gmt":"2025-09-06T22:24:27","slug":"caruaruense-e-morto-em-missao-de-combate-na-guerra-na-ucrania","status":"publish","type":"post","link":"https:\/\/blogdoedvaldomagalhaes.com.br\/index.php\/2025\/09\/06\/caruaruense-e-morto-em-missao-de-combate-na-guerra-na-ucrania\/","title":{"rendered":"Caruaruense \u00e9 morto em miss\u00e3o de combate na guerra, na Ucr\u00e2nia"},"content":{"rendered":"<p>Lamentavelmente o caruaruense Carlos Fernando Pereira da Silva Filho, 29 anos de idade, popularmente conhecido como &#8220;Shadow&#8221;, morreu em confronto armado na guerra entre a Ucr\u00e2nia e a R\u00fassia. Segundo informa\u00e7\u00f5es, ele estava em Donetsk, na Ucr\u00e2nia, fazendo parte de uma miss\u00e3o, na quinta-feira (04.09), quando foi surpreendido por uma emboscada russa.<\/p>\n<p>Carlos Fernando viajou para o leste europeu em maio, ao lado do pernambucano C\u00e9lio Campos, que j\u00e1 retornou ao Brasil. Durante a opera\u00e7\u00e3o, o grupo recebeu a informa\u00e7\u00e3o de que enfrentaria um n\u00famero reduzido de inimigos, mas acabou cercado por mais combatentes russos do que o previsto. Em meio \u00e0 troca de tiros, Carlos Fernando foi atingido e n\u00e3o resistiu.<\/p>\n<p>De acordo com informa\u00e7\u00f5es, o corpo n\u00e3o ser\u00e1 repatriado, havia visto que, morreu em batalha, e n\u00e3o h\u00e1 condi\u00e7\u00f5es para trazer o corpo para ser sepultado em Caruaru.<br \/>\nFonte: Portal Terra<br \/>\nSiga o Instagram do Blog e comente pelo @blogdoedvaldomagalhaes<\/p>\n<p><img loading=\"lazy\" decoding=\"async\" src=\"https:\/\/blogdoedvaldomagalhaes.com.br\/wp-content\/uploads\/2025\/09\/img-20250906-wa009821213617622981828055.jpg\" class=\"wp-image-122648 alignnone size-full\" width=\"750\" height=\"546\" srcset=\"https:\/\/blogdoedvaldomagalhaes.com.br\/wp-content\/uploads\/2025\/09\/img-20250906-wa009821213617622981828055.jpg 750w, https:\/\/blogdoedvaldomagalhaes.com.br\/wp-content\/uploads\/2025\/09\/img-20250906-wa009821213617622981828055-300x218.jpg 300w\" sizes=\"auto, (max-width: 750px) 100vw, 750px\" \/>Fotos: Reprodu\u00e7\u00e3o\/Redes sociais.<\/p>\n","protected":false},"excerpt":{"rendered":"<p>Lamentavelmente o caruaruense Carlos Fernando Pereira da Silva Filho, 29 anos de idade, popularmente conhecido como &#8220;Shadow&#8221;, morreu em confronto&hellip;<\/p>\n","protected":false},"author":1,"featured_media":122627,"comment_status":"closed","ping_status":"open","sticky":false,"template":"","format":"standard","meta":{"footnotes":""},"categories":[14121],"tags":[30592,27410,2,28801],"class_list":["post-122625","post","type-post","status-publish","format-standard","has-post-thumbnail","hentry","category-policial","tag-blog-com-mais-seguidores","tag-blog-de-caruaru","tag-blog-do-edvaldo-magalhaes","tag-blog-mais-acessado"],"_links":{"self":[{"href":"https:\/\/blogdoedvaldomagalhaes.com.br\/index.php\/wp-json\/wp\/v2\/posts\/122625","targetHints":{"allow":["GET"]}}],"collection":[{"href":"https:\/\/blogdoedvaldomagalhaes.com.br\/index.php\/wp-json\/wp\/v2\/posts"}],"about":[{"href":"https:\/\/blogdoedvaldomagalhaes.com.br\/index.php\/wp-json\/wp\/v2\/types\/post"}],"author":[{"embeddable":true,"href":"https:\/\/blogdoedvaldomagalhaes.com.br\/index.php\/wp-json\/wp\/v2\/users\/1"}],"replies":[{"embeddable":true,"href":"https:\/\/blogdoedvaldomagalhaes.com.br\/index.php\/wp-json\/wp\/v2\/comments?post=122625"}],"version-history":[{"count":3,"href":"https:\/\/blogdoedvaldomagalhaes.com.br\/index.php\/wp-json\/wp\/v2\/posts\/122625\/revisions"}],"predecessor-version":[{"id":122649,"href":"https:\/\/blogdoedvaldomagalhaes.com.br\/index.php\/wp-json\/wp\/v2\/posts\/122625\/revisions\/122649"}],"wp:featuredmedia":[{"embeddable":true,"href":"https:\/\/blogdoedvaldomagalhaes.com.br\/index.php\/wp-json\/wp\/v2\/media\/122627"}],"wp:attachment":[{"href":"https:\/\/blogdoedvaldomagalhaes.com.br\/index.php\/wp-json\/wp\/v2\/media?parent=122625"}],"wp:term":[{"taxonomy":"category","embeddable":true,"href":"https:\/\/blogdoedvaldomagalhaes.com.br\/index.php\/wp-json\/wp\/v2\/categories?post=122625"},{"taxonomy":"post_tag","embeddable":true,"href":"https:\/\/blogdoedvaldomagalhaes.com.br\/index.php\/wp-json\/wp\/v2\/tags?post=122625"}],"curies":[{"name":"wp","href":"https:\/\/api.w.org\/{rel}","templated":true}]}}