{"id":122619,"date":"2025-09-06T12:31:49","date_gmt":"2025-09-06T15:31:49","guid":{"rendered":"https:\/\/blogdoedvaldomagalhaes.com.br\/?p=122619"},"modified":"2025-09-06T12:36:32","modified_gmt":"2025-09-06T15:36:32","slug":"governadora-raquel-lyra-assina-ordem-de-servico-para-infraestrutura-hidrica-e-urbanizacao-da-vila-canaa-em-caruaru","status":"publish","type":"post","link":"https:\/\/blogdoedvaldomagalhaes.com.br\/index.php\/2025\/09\/06\/governadora-raquel-lyra-assina-ordem-de-servico-para-infraestrutura-hidrica-e-urbanizacao-da-vila-canaa-em-caruaru\/","title":{"rendered":"Governadora Raquel Lyra assina ordem de servi\u00e7o para infraestrutura h\u00eddrica e urbaniza\u00e7\u00e3o da Vila Cana\u00e3, em Caruaru"},"content":{"rendered":"<p>_Iniciativa do governo estadual vai realizar obras de sistema de abastecimento de \u00e1gua tratada e de esgotamento sanit\u00e1rio, al\u00e9m da urbaniza\u00e7\u00e3o na localidade da zona rural de Caruaru, contemplando 10 mil pessoas_Para dar mais seguran\u00e7a h\u00eddrica e garantir infraestrutura digna \u00e0 popula\u00e7\u00e3o da Vila Cana\u00e3, em Caruaru, no Agreste Central, a governadora Raquel Lyra assinou, nesta sexta-feira (5), a ordem de servi\u00e7o para dar in\u00edcio \u00e0s obras de abastecimento e pavimenta\u00e7\u00e3o da primeira etapa na localidade. Ao lado da vice-governadora Priscila Krause, a gestora tamb\u00e9m assinou a autoriza\u00e7\u00e3o da abertura de licita\u00e7\u00e3o para a segunda etapa das interven\u00e7\u00f5es, que v\u00e3o abranger outra \u00e1rea da Vila. Ao todo, as a\u00e7\u00f5es v\u00e3o beneficiar 10 mil pessoas do distrito e somar\u00e3o investimentos de R$ 103,2 milh\u00f5es.&#8221;Aqui moram mais de 10 mil pessoas, que agora v\u00e3o poder mudar a sua realidade. Tenho a alegria de dar ordem de servi\u00e7o para as obras come\u00e7arem. S\u00e3o mais de R$ 100 milh\u00f5es de investimento em pavimenta\u00e7\u00e3o de ruas, em garantia de \u00e1gua na torneira, na constru\u00e7\u00e3o de pra\u00e7as, na drenagem, microdrenagem. Assim podemos levar mais dignidade para a popula\u00e7\u00e3o daqui viver no seu ch\u00e3o\u201d, declarou a governadora Raquel Lyra.Os projetos s\u00e3o coordenados pela Secretaria de Desenvolvimento Urbano e Habita\u00e7\u00e3o (Seduh) e executados pela Companhia Estadual de Habita\u00e7\u00e3o e Obras (Cehab), que \u00e9 a respons\u00e1vel pela supervis\u00e3o t\u00e9cnica do projeto. A Vila Cana\u00e3 fica localizada na zona rural de Caruaru, a 34 km do centro. \u201cEsta interven\u00e7\u00e3o representar\u00e1 uma significativa transforma\u00e7\u00e3o, onde visa promover uma completa reestrutura\u00e7\u00e3o da regi\u00e3o, em um projeto dividido em duas fases, devido \u00e0 sua complexidade\u201d, declarou a secret\u00e1ria da Seduh, Simone Nunes.Na primeira etapa, as obras v\u00e3o abranger a implanta\u00e7\u00e3o completa do sistema de abastecimento de \u00e1gua tratada e de esgotamento sanit\u00e1rio em toda a \u00e1rea urbana, incluindo a constru\u00e7\u00e3o de esta\u00e7\u00f5es elevat\u00f3rias, esta\u00e7\u00f5es de tratamento e reservat\u00f3rios. A interven\u00e7\u00e3o vai realizar ainda servi\u00e7os de microdrenagem pluvial, pavimenta\u00e7\u00e3o asf\u00e1ltica em 21 ruas, entre outras a\u00e7\u00f5es.J\u00e1 a autoriza\u00e7\u00e3o da licita\u00e7\u00e3o para a segunda etapa do projeto vai abranger outra \u00e1rea da Vila Cana\u00e3. As obras v\u00e3o ser de implanta\u00e7\u00e3o das redes de distribui\u00e7\u00e3o de \u00e1gua, sistema de esgotamento sanit\u00e1rio, pavimenta\u00e7\u00e3o de 67 ruas e drenagem, al\u00e9m da moderniza\u00e7\u00e3o da rede el\u00e9trica e da ilumina\u00e7\u00e3o p\u00fablica de toda a vila. Ainda ser\u00e3o constru\u00eddos 14 canteiros e sete pra\u00e7as equipadas. A ordem de servi\u00e7o para esta fase ser\u00e1 assinada em at\u00e9 90 dias.O deputado federal Fernando Monteiro destacou a valoriza\u00e7\u00e3o da popula\u00e7\u00e3o. \u201cO Governo est\u00e1 fazendo pol\u00edtica p\u00fablica, a pol\u00edtica da transforma\u00e7\u00e3o dessa regi\u00e3o\u201d, disse. A deputada estadual Rosa Amorim considerou que a infraestrutura ser\u00e1 aprimorada. \u201cO Agreste est\u00e1 passando a ser visto, com infraestrutura, com \u00e1gua, com saneamento, com educa\u00e7\u00e3o e com qualidade de vida&#8221;, afirmou. O deputado estadual Abimael Santos analisou que esse \u00e9 mais uma obra vista no Estado. \u201cOnde quer que eu ande, as ordens de servi\u00e7o dadas pela governadora est\u00e3o em andamento. Pernambuco vai continuar trabalhando\u201d, declarou. \u201cO Governo destinou or\u00e7amento para uma \u00e1rea muito importante\u201d, refor\u00e7ou o deputado estadual Pastor Cleiton Collins.O prefeito de Caruaru, Rodrigo Pinheiro, celebrou o investimento para a regi\u00e3o. \u201c\u00c9 um dia importante. Essa assinatura e esse in\u00edcio de obras v\u00eam se juntar a outras em Pernambuco\u201d, declarou. O prefeito de Toritama, S\u00e9rgio Colin, tamb\u00e9m comemorou a interven\u00e7\u00e3o. \u201c\u00c9 a sensibilidade e o compromisso com o povo. Fico feliz ao ver os resultados feitos da nossa regi\u00e3o\u201d, falou.Acompanharam a agenda os secret\u00e1rios estaduais Carlos Braga (Assist\u00eancia Social, Combate \u00e0 Fome e Pol\u00edticas sobre Drogas), Coronel Herc\u00edlio Mamede (Casa Militar), Andr\u00e9 Teixeira Filho (Mobilidade e Infraestrutura) e T\u00falio Vila\u00e7a (Casa Civil). Tamb\u00e9m estiveram presentes os prefeitos Rael Ferreira (Vertentes), Chaparral (Surubim), Di\u00f3 Filho (Riacho das Almas), Joia (Salgadinho) e Pollyana Abreu (Sert\u00e2nia), o ex-prefeito de Vertentes, Romero Leal, entre outras autoridades.<br \/>Siga o Instagram do Blog pelo @blogdoedvaldomagalhaes<img decoding=\"async\" class=\"size-full\" data-wpid=\"1708\" src=\"https:\/\/blogdoedvaldomagalhaes.com.br\/wp-content\/uploads\/2025\/09\/img-20250906-wa00517112428514963785338.jpg\" \/>Fotos: Hes\u00edodo G\u00f3es\/Secom<\/p>\n","protected":false},"excerpt":{"rendered":"<p>_Iniciativa do governo estadual vai realizar obras de sistema de abastecimento de \u00e1gua tratada e de esgotamento sanit\u00e1rio, al\u00e9m da&hellip;<\/p>\n","protected":false},"author":1,"featured_media":122624,"comment_status":"closed","ping_status":"open","sticky":false,"template":"","format":"standard","meta":{"footnotes":""},"categories":[14122],"tags":[30253,29440,13146,28801,3406,34606,20],"class_list":["post-122619","post","type-post","status-publish","format-standard","has-post-thumbnail","hentry","category-politica","tag-blog-caruaru","tag-blog-com-mais-visualizacao","tag-blog-edvaldo-magalhaes","tag-blog-mais-acessado","tag-caruaru","tag-governadora-raquel-lyra-assina-ordem-de-servico-para-infraestrutura-hidrica-e-urbanizacao-da-vila-canaa","tag-politica"],"_links":{"self":[{"href":"https:\/\/blogdoedvaldomagalhaes.com.br\/index.php\/wp-json\/wp\/v2\/posts\/122619","targetHints":{"allow":["GET"]}}],"collection":[{"href":"https:\/\/blogdoedvaldomagalhaes.com.br\/index.php\/wp-json\/wp\/v2\/posts"}],"about":[{"href":"https:\/\/blogdoedvaldomagalhaes.com.br\/index.php\/wp-json\/wp\/v2\/types\/post"}],"author":[{"embeddable":true,"href":"https:\/\/blogdoedvaldomagalhaes.com.br\/index.php\/wp-json\/wp\/v2\/users\/1"}],"replies":[{"embeddable":true,"href":"https:\/\/blogdoedvaldomagalhaes.com.br\/index.php\/wp-json\/wp\/v2\/comments?post=122619"}],"version-history":[{"count":2,"href":"https:\/\/blogdoedvaldomagalhaes.com.br\/index.php\/wp-json\/wp\/v2\/posts\/122619\/revisions"}],"predecessor-version":[{"id":122623,"href":"https:\/\/blogdoedvaldomagalhaes.com.br\/index.php\/wp-json\/wp\/v2\/posts\/122619\/revisions\/122623"}],"wp:featuredmedia":[{"embeddable":true,"href":"https:\/\/blogdoedvaldomagalhaes.com.br\/index.php\/wp-json\/wp\/v2\/media\/122624"}],"wp:attachment":[{"href":"https:\/\/blogdoedvaldomagalhaes.com.br\/index.php\/wp-json\/wp\/v2\/media?parent=122619"}],"wp:term":[{"taxonomy":"category","embeddable":true,"href":"https:\/\/blogdoedvaldomagalhaes.com.br\/index.php\/wp-json\/wp\/v2\/categories?post=122619"},{"taxonomy":"post_tag","embeddable":true,"href":"https:\/\/blogdoedvaldomagalhaes.com.br\/index.php\/wp-json\/wp\/v2\/tags?post=122619"}],"curies":[{"name":"wp","href":"https:\/\/api.w.org\/{rel}","templated":true}]}}