{"id":122614,"date":"2025-09-06T12:24:49","date_gmt":"2025-09-06T15:24:49","guid":{"rendered":"https:\/\/blogdoedvaldomagalhaes.com.br\/?p=122614"},"modified":"2025-09-06T19:22:18","modified_gmt":"2025-09-06T22:22:18","slug":"governadora-raquel-lyra-prestigia-ultimo-fim-de-semana-do-festival-pernambuco-meu-pais-em-caruaru-com-shows-e-celebracao-da-cultura-popular","status":"publish","type":"post","link":"https:\/\/blogdoedvaldomagalhaes.com.br\/index.php\/2025\/09\/06\/governadora-raquel-lyra-prestigia-ultimo-fim-de-semana-do-festival-pernambuco-meu-pais-em-caruaru-com-shows-e-celebracao-da-cultura-popular\/","title":{"rendered":"Governadora Raquel Lyra prestigia \u00faltimo fim de semana do Festival Pernambuco Meu Pa\u00eds em Caruaru com shows e celebra\u00e7\u00e3o da cultura popular"},"content":{"rendered":"<p>O munic\u00edpio de Caruaru, no Agreste Central, \u00e9 o grande palco da cultura pernambucana neste \u00faltimo final de semana do Festival Pernambuco Meu Pa\u00eds. A cidade recebe mais de 150 atividades distribu\u00eddas em 18 polos, reunindo m\u00fasica, dan\u00e7a, teatro, e outras artes. A governadora Raquel Lyra prestigiou a festa na noite dessa sexta-feira (5), acompanhada da vice-governadora Priscila Krause.<\/p>\n<p>&#8220;O Festival Pernambuco Meu Pa\u00eds j\u00e1 nasceu muito grande e veio pra ficar. Conseguimos colocar diversas cidades no nosso circuito, que \u00e9 multicultural, garante o nosso turismo e a gera\u00e7\u00e3o de emprego e renda. Em uma \u00e9poca que normalmente \u00e9 de baixa temporada, conseguimos ter lota\u00e7\u00e3o de turismo, pousadas, hot\u00e9is, restaurantes. Mais de 95% dos artistas s\u00e3o contratados via edital, e a gente permite que o p\u00fablico tenha acesso a artistas que n\u00e3o costuma ver&#8221;, afirmou a governadora Raquel Lyra.<\/p>\n<p>Antes de chegar a Caruaru, o festival percorreu nove cidades pernambucanas \u2014 Salgueiro, Triunfo, Bu\u00edque, Bezerros, Taquaritinga do Norte, Pesqueira, Gravat\u00e1, Arcoverde e Riacho das Almas \u2014, promovendo arte, inclus\u00e3o e movimentando a economia local em diferentes regi\u00f5es do Estado.<\/p>\n<p>A presidente da Funda\u00e7\u00e3o do Patrim\u00f4nio Hist\u00f3rico e Art\u00edstico de Pernambuco (Fundarpe), Renata Borba, conta que o evento em Caruaru proporciona diversidade cultural em v\u00e1rios polos. \u201cCaruaru est\u00e1 tomando um banho da cultura pernambucana, mas tamb\u00e9m com grandes artistas da cena nacional. O festival \u00e9 isso, espalha essa alegria da cultura pernambucana, abre espa\u00e7os para os nossos artistas\u201d, declarou.<\/p>\n<p>Grandes shows nacionais embalaram caruaruenses e visitantes, com artistas como Alcione, F\u00e1bio Jr. e Jos\u00e9 Augusto.<\/p>\n<p>Caruaru recebe ainda apresenta\u00e7\u00f5es de artistas populares em diferentes polos descentralizados, como o Alto do Moura e o Monte Bom Jesus. Nos polos, se apresentam nomes como a Banda de P\u00edfanos Z\u00e9 do Estado, Cubana Rasta e Marcelo Santana. J\u00e1 a Esta\u00e7\u00e3o Ferrovi\u00e1ria abriga o Pa\u00eds das Culturas Populares, reunindo mestres da tradi\u00e7\u00e3o como Galo Preto, Zeca do Rolete, a Orquestra Popular do Recife e o Maestro Ademir Ara\u00fajo.<\/p>\n<p>\u201cA gente fecha com mais de 95% da ocupa\u00e7\u00e3o da rede hoteleira em todas as cidades que a gente passou, movimentando toda a cadeia do turismo, que tem mais de 52 atividades econ\u00f4micas ligadas ao setor. Isso mostra a pot\u00eancia que o festival j\u00e1 tem no seu segundo ano\u201d, pontuou o diretor presidente da Empresa de Turismo de Pernambuco (Empetur), Eduardo Loyo,.<\/p>\n<p>*SEGURAN\u00c7A -* Em Caruaru, um esquema especial de seguran\u00e7a foi montado pela Secretaria de Defesa Social (SDS), com 492 profissionais, entre policiais militares, civis, bombeiros militares e equipes especializadas. Al\u00e9m disso, tamb\u00e9m est\u00e3o sendo utilizados recursos tecnol\u00f3gicos, como os Drones do Grupamento T\u00e1tico A\u00e9reo (GTA), o sistema de reconhecimento facial e a Delegacia M\u00f3vel.<\/p>\n<p>O prefeito de Caruaru, Rodrigo Pinheiro, pontuou a import\u00e2ncia do evento para a economia da cidade. \u201cDepois do S\u00e3o Jo\u00e3o, esse \u00e9 um grande festival que gera emprego, gera renda, movimenta a economia local e faz parte desse processo de investimento na cultura e de interioriza\u00e7\u00e3o que o Governo do Estado vem fazendo\u201d, disse.<\/p>\n<p>Presente na festa, o deputado estadual Jo\u00e3ozinho Ten\u00f3rio destacou que o festival j\u00e1 \u00e9 um marco no calend\u00e1rio cultural do Estado. \u201cFicamos muito felizes com o que esse evento representou e representa, a import\u00e2ncia do fortalecimento da cultura e, al\u00e9m disso, o aquecimento que ocorre no com\u00e9rcio local, gerando emprego e renda para a nossa gente\u201d, frisou.<\/p>\n<p>Tamb\u00e9m estavam presentes os secret\u00e1rios estaduais Herc\u00edlio Mamede (Casa Militar); T\u00falio Vila\u00e7a (Casa Civil); Carlos Braga (Assist\u00eancia Social, Combate \u00e0 Fome e Pol\u00edticas sobre Drogas); Joanna Figueir\u00eado (Justi\u00e7a, Direitos Humanos e Preven\u00e7\u00e3o \u00e0 Viol\u00eancia); Paulo Paes (Administra\u00e7\u00e3o Penitenci\u00e1ria e Ressocializa\u00e7\u00e3o); e Eduardo Vieira (Gabinete). Participaram ainda o presidente da Companhia Estadual de Habita\u00e7\u00e3o e Obras (Cehab), Paulo Lira; o presidente da Companhia Editora de Pernambuco (Cepe), Jo\u00e3o Baltar Freire; e os prefeitos Polyanna Abreu (Sert\u00e2nia), Lucielle Laurentino (Bezerros), Padre Joselito (Gravat\u00e1), Marcos da Ro\u00e7a (Ch\u00e3 de Alegria) e Ara\u00fajo (Amaraji).<br \/>\nSeja seguidor do Instagram do Blog pelo @blogdoedvaldomagalhaes<\/p>\n<p><img loading=\"lazy\" decoding=\"async\" src=\"https:\/\/blogdoedvaldomagalhaes.com.br\/wp-content\/uploads\/2025\/09\/img-20250906-wa00487092090521024434997.jpg\" class=\"wp-image-122617 alignnone size-full\" width=\"1280\" height=\"854\" srcset=\"https:\/\/blogdoedvaldomagalhaes.com.br\/wp-content\/uploads\/2025\/09\/img-20250906-wa00487092090521024434997.jpg 1280w, https:\/\/blogdoedvaldomagalhaes.com.br\/wp-content\/uploads\/2025\/09\/img-20250906-wa00487092090521024434997-300x200.jpg 300w, https:\/\/blogdoedvaldomagalhaes.com.br\/wp-content\/uploads\/2025\/09\/img-20250906-wa00487092090521024434997-1024x683.jpg 1024w, https:\/\/blogdoedvaldomagalhaes.com.br\/wp-content\/uploads\/2025\/09\/img-20250906-wa00487092090521024434997-768x512.jpg 768w\" sizes=\"auto, (max-width: 1280px) 100vw, 1280px\" \/>Fotos : Hes\u00edodo G\u00f3es\/Secom<\/p>\n","protected":false},"excerpt":{"rendered":"<p>O munic\u00edpio de Caruaru, no Agreste Central, \u00e9 o grande palco da cultura pernambucana neste \u00faltimo final de semana do&hellip;<\/p>\n","protected":false},"author":1,"featured_media":122615,"comment_status":"closed","ping_status":"open","sticky":false,"template":"","format":"standard","meta":{"footnotes":""},"categories":[14122],"tags":[28803,27410,2,28801,34605,20],"class_list":["post-122614","post","type-post","status-publish","format-standard","has-post-thumbnail","hentry","category-politica","tag-blog-com-mais-visualizacoes","tag-blog-de-caruaru","tag-blog-do-edvaldo-magalhaes","tag-blog-mais-acessado","tag-governadora-raquel-lyra-prestigia-ultimo-fim-de-semana-do-festival-pernambuco-meu-pais-em-caruaru-com-shows-e-celebracao-da-cultura-popular","tag-politica"],"_links":{"self":[{"href":"https:\/\/blogdoedvaldomagalhaes.com.br\/index.php\/wp-json\/wp\/v2\/posts\/122614","targetHints":{"allow":["GET"]}}],"collection":[{"href":"https:\/\/blogdoedvaldomagalhaes.com.br\/index.php\/wp-json\/wp\/v2\/posts"}],"about":[{"href":"https:\/\/blogdoedvaldomagalhaes.com.br\/index.php\/wp-json\/wp\/v2\/types\/post"}],"author":[{"embeddable":true,"href":"https:\/\/blogdoedvaldomagalhaes.com.br\/index.php\/wp-json\/wp\/v2\/users\/1"}],"replies":[{"embeddable":true,"href":"https:\/\/blogdoedvaldomagalhaes.com.br\/index.php\/wp-json\/wp\/v2\/comments?post=122614"}],"version-history":[{"count":2,"href":"https:\/\/blogdoedvaldomagalhaes.com.br\/index.php\/wp-json\/wp\/v2\/posts\/122614\/revisions"}],"predecessor-version":[{"id":122618,"href":"https:\/\/blogdoedvaldomagalhaes.com.br\/index.php\/wp-json\/wp\/v2\/posts\/122614\/revisions\/122618"}],"wp:featuredmedia":[{"embeddable":true,"href":"https:\/\/blogdoedvaldomagalhaes.com.br\/index.php\/wp-json\/wp\/v2\/media\/122615"}],"wp:attachment":[{"href":"https:\/\/blogdoedvaldomagalhaes.com.br\/index.php\/wp-json\/wp\/v2\/media?parent=122614"}],"wp:term":[{"taxonomy":"category","embeddable":true,"href":"https:\/\/blogdoedvaldomagalhaes.com.br\/index.php\/wp-json\/wp\/v2\/categories?post=122614"},{"taxonomy":"post_tag","embeddable":true,"href":"https:\/\/blogdoedvaldomagalhaes.com.br\/index.php\/wp-json\/wp\/v2\/tags?post=122614"}],"curies":[{"name":"wp","href":"https:\/\/api.w.org\/{rel}","templated":true}]}}