{"id":122611,"date":"2025-09-06T10:41:34","date_gmt":"2025-09-06T13:41:34","guid":{"rendered":"https:\/\/blogdoedvaldomagalhaes.com.br\/?p=122611"},"modified":"2025-09-06T10:41:34","modified_gmt":"2025-09-06T13:41:34","slug":"caruaru-city-e-porto-fazem-o-classico-do-pernambucano-a2-neste-sabado-06","status":"publish","type":"post","link":"https:\/\/blogdoedvaldomagalhaes.com.br\/index.php\/2025\/09\/06\/caruaru-city-e-porto-fazem-o-classico-do-pernambucano-a2-neste-sabado-06\/","title":{"rendered":"Caruaru City e Porto fazem o cl\u00e1ssico do Pernambucano A2 neste s\u00e1bado (06)"},"content":{"rendered":"<p>Este s\u00e1bado (06.09) ser\u00e1 marcado pelo duelo entre Porto x Caruaru City, v\u00e1lido pela 2\u00aa rodada do Campeonato Pernambucano A2. O Cl\u00e1ssico Vitalino, como \u00e9 conhecido, acontece logo mais, \u00e0s 15h, no est\u00e1dio Lacerd\u00e3o, em Caruaru. A partida ganha mais import\u00e2ncia, por se tratar de uma disputa direta entre os representantes caruaruenses que lutam para colocar a cidade na primeira divis\u00e3o de 2026. <\/p>\n<p>Para o jogo, o Caruaru City concluiu a prepara\u00e7\u00e3o nesta sexta-feira. O Atacante Jeffinho falou da expectativa para o cl\u00e1ssico. \u201cEstamos preparados para fazer um bom jogo, contra um  advers\u00e1rio dif\u00edcil, um cl\u00e1ssico da cidade. Fizemos uma semana de trabalho proveitosa, deu para corrigir as falhas da estreia. Todo mundo est\u00e1 bem empenhado para fazer o que \u00e9 preciso e conquistar a primeira vit\u00f3ria no campeonato e d\u00e1 seguimento na caminhada,\u201d destacou.<\/p>\n<p>*Ingressos:* Os ingressos para o jogo estar\u00e3o \u00e0 venda nas bilheterias do Lacerd\u00e3o a partir das 13h, com valor de R$20 (inteira). A torcida do Caruaru City ficar\u00e1 nas arquibancadas cobertas, com acesso pelo port\u00e3o 8, na rua Campo Sales.<\/p>\n<p>*Cl\u00e1ssico Vitalino:* O duelo Caruaru City x Porto foi chamado pelas equipes de &#8220;Cl\u00e1ssico Vitalino&#8221;, em alus\u00e3o ao Mestre Vitalino e ao local onde se &#8220;moldam os novos talentos&#8221;, uma refer\u00eancia ao trabalho de forma\u00e7\u00e3o realizado pelos dois clubes. O primeiro jogo entre os clubes no futebol profissional terminou empatado em 0x0, no Campeonato Pernambucano da S\u00e9rie A1 em 2023.<br \/>\nSeja seguidor do Instagram do Blog pelo @blogdoedvaldomagalhaes<br \/>\nFoto: Cil Alves\/Caruaru City<\/p>\n","protected":false},"excerpt":{"rendered":"<p>Este s\u00e1bado (06.09) ser\u00e1 marcado pelo duelo entre Porto x Caruaru City, v\u00e1lido pela 2\u00aa rodada do Campeonato Pernambucano A2.&hellip;<\/p>\n","protected":false},"author":1,"featured_media":122612,"comment_status":"closed","ping_status":"open","sticky":false,"template":"","format":"standard","meta":{"footnotes":""},"categories":[14120],"tags":[28803,27410,2,28801,34604,3],"class_list":["post-122611","post","type-post","status-publish","format-standard","has-post-thumbnail","hentry","category-noticias","tag-blog-com-mais-visualizacoes","tag-blog-de-caruaru","tag-blog-do-edvaldo-magalhaes","tag-blog-mais-acessado","tag-caruaru-city-e-porto-fazem-o-classico-do-pernambucano-a2-neste-sabado-06","tag-futebol"],"_links":{"self":[{"href":"https:\/\/blogdoedvaldomagalhaes.com.br\/index.php\/wp-json\/wp\/v2\/posts\/122611","targetHints":{"allow":["GET"]}}],"collection":[{"href":"https:\/\/blogdoedvaldomagalhaes.com.br\/index.php\/wp-json\/wp\/v2\/posts"}],"about":[{"href":"https:\/\/blogdoedvaldomagalhaes.com.br\/index.php\/wp-json\/wp\/v2\/types\/post"}],"author":[{"embeddable":true,"href":"https:\/\/blogdoedvaldomagalhaes.com.br\/index.php\/wp-json\/wp\/v2\/users\/1"}],"replies":[{"embeddable":true,"href":"https:\/\/blogdoedvaldomagalhaes.com.br\/index.php\/wp-json\/wp\/v2\/comments?post=122611"}],"version-history":[{"count":1,"href":"https:\/\/blogdoedvaldomagalhaes.com.br\/index.php\/wp-json\/wp\/v2\/posts\/122611\/revisions"}],"predecessor-version":[{"id":122613,"href":"https:\/\/blogdoedvaldomagalhaes.com.br\/index.php\/wp-json\/wp\/v2\/posts\/122611\/revisions\/122613"}],"wp:featuredmedia":[{"embeddable":true,"href":"https:\/\/blogdoedvaldomagalhaes.com.br\/index.php\/wp-json\/wp\/v2\/media\/122612"}],"wp:attachment":[{"href":"https:\/\/blogdoedvaldomagalhaes.com.br\/index.php\/wp-json\/wp\/v2\/media?parent=122611"}],"wp:term":[{"taxonomy":"category","embeddable":true,"href":"https:\/\/blogdoedvaldomagalhaes.com.br\/index.php\/wp-json\/wp\/v2\/categories?post=122611"},{"taxonomy":"post_tag","embeddable":true,"href":"https:\/\/blogdoedvaldomagalhaes.com.br\/index.php\/wp-json\/wp\/v2\/tags?post=122611"}],"curies":[{"name":"wp","href":"https:\/\/api.w.org\/{rel}","templated":true}]}}