{"id":122608,"date":"2025-09-05T21:39:29","date_gmt":"2025-09-06T00:39:29","guid":{"rendered":"https:\/\/blogdoedvaldomagalhaes.com.br\/?p=122608"},"modified":"2025-09-05T21:39:29","modified_gmt":"2025-09-06T00:39:29","slug":"secretario-de-cultura-e-turismo-de-agrestina-recebe-reconhecimento-do-movimento-nacional-ods-pernambuco","status":"publish","type":"post","link":"https:\/\/blogdoedvaldomagalhaes.com.br\/index.php\/2025\/09\/05\/secretario-de-cultura-e-turismo-de-agrestina-recebe-reconhecimento-do-movimento-nacional-ods-pernambuco\/","title":{"rendered":"Secret\u00e1rio de Cultura e Turismo de Agrestina recebe reconhecimento do Movimento Nacional ODS Pernambuco"},"content":{"rendered":"<p>_O certificado ressalta o compromisso da secretaria com a implementa\u00e7\u00e3o de projetos, pol\u00edticas p\u00fablicas e boas pr\u00e1ticas que dialogam diretamente com a ONU._<\/p>\n<p>O secret\u00e1rio de Cultura e Turismo de Agrestina, Josenildo Jos\u00e9 dos Santos, foi reconhecido no dia 29 de agosto de 2025, em Recife, pelo Movimento Nacional ODS Pernambuco, pela sua atua\u00e7\u00e3o alinhada \u00e0 Agenda 2030 da Organiza\u00e7\u00e3o das Na\u00e7\u00f5es Unidas (ONU). O reconhecimento foi entregue por Ronaldo Veiga de Oliveira, coordenador-geral do Movimento Nacional ODS Pernambuco e conselheiro nacional do Movimento.<\/p>\n<p>O certificado recebido pelo gestor ressalta o compromisso da secretaria com a implementa\u00e7\u00e3o de projetos, pol\u00edticas p\u00fablicas e boas pr\u00e1ticas que dialogam diretamente com os 17 Objetivos de Desenvolvimento Sustent\u00e1vel (ODS), pacto firmado por 193 pa\u00edses-membros da ONU em 2015, que visa erradicar a pobreza, reduzir desigualdades, proteger o meio ambiente e promover prosperidade at\u00e9 o ano de 2030.<\/p>\n<p>A entrega da honraria reconhece Agrestina como um munic\u00edpio que se destaca no cen\u00e1rio estadual e nacional por alinhar cultura, turismo e desenvolvimento local \u00e0s diretrizes globais da ONU. Essa integra\u00e7\u00e3o refor\u00e7a a import\u00e2ncia das a\u00e7\u00f5es realizadas no munic\u00edpio, que v\u00e3o al\u00e9m da valoriza\u00e7\u00e3o cultural e tur\u00edstica, contribuindo tamb\u00e9m para a constru\u00e7\u00e3o de uma sociedade mais justa, inclusiva e sustent\u00e1vel.<\/p>\n<p>Para o secret\u00e1rio, o reconhecimento simboliza a valoriza\u00e7\u00e3o do trabalho coletivo desenvolvido na cidade. \u201cReceber este certificado, que tem a chancela da ONU, mostra que Agrestina est\u00e1 no caminho certo. Cultura e turismo tamb\u00e9m s\u00e3o instrumentos de desenvolvimento sustent\u00e1vel, e esse reconhecimento nos motiva a continuar promovendo a\u00e7\u00f5es que impactam positivamente a vida das pessoas e fortalecem nossa cidade\u201d, afirmou Josenildo Santos.<br \/>\nSiga o Instagram do Blog pelo @blogdoedvaldomagalhaes<br \/>\nFoto: Divulga\u00e7\u00e3o <\/p>\n","protected":false},"excerpt":{"rendered":"<p>_O certificado ressalta o compromisso da secretaria com a implementa\u00e7\u00e3o de projetos, pol\u00edticas p\u00fablicas e boas pr\u00e1ticas que dialogam diretamente&hellip;<\/p>\n","protected":false},"author":1,"featured_media":122609,"comment_status":"closed","ping_status":"open","sticky":false,"template":"","format":"standard","meta":{"footnotes":""},"categories":[14120],"tags":[30592,27410,2,28801,34603],"class_list":["post-122608","post","type-post","status-publish","format-standard","has-post-thumbnail","hentry","category-noticias","tag-blog-com-mais-seguidores","tag-blog-de-caruaru","tag-blog-do-edvaldo-magalhaes","tag-blog-mais-acessado","tag-secretario-de-cultura-e-turismo-de-agrestina-recebe-reconhecimento-do-movimento-nacional-ods-pernambuco"],"_links":{"self":[{"href":"https:\/\/blogdoedvaldomagalhaes.com.br\/index.php\/wp-json\/wp\/v2\/posts\/122608","targetHints":{"allow":["GET"]}}],"collection":[{"href":"https:\/\/blogdoedvaldomagalhaes.com.br\/index.php\/wp-json\/wp\/v2\/posts"}],"about":[{"href":"https:\/\/blogdoedvaldomagalhaes.com.br\/index.php\/wp-json\/wp\/v2\/types\/post"}],"author":[{"embeddable":true,"href":"https:\/\/blogdoedvaldomagalhaes.com.br\/index.php\/wp-json\/wp\/v2\/users\/1"}],"replies":[{"embeddable":true,"href":"https:\/\/blogdoedvaldomagalhaes.com.br\/index.php\/wp-json\/wp\/v2\/comments?post=122608"}],"version-history":[{"count":1,"href":"https:\/\/blogdoedvaldomagalhaes.com.br\/index.php\/wp-json\/wp\/v2\/posts\/122608\/revisions"}],"predecessor-version":[{"id":122610,"href":"https:\/\/blogdoedvaldomagalhaes.com.br\/index.php\/wp-json\/wp\/v2\/posts\/122608\/revisions\/122610"}],"wp:featuredmedia":[{"embeddable":true,"href":"https:\/\/blogdoedvaldomagalhaes.com.br\/index.php\/wp-json\/wp\/v2\/media\/122609"}],"wp:attachment":[{"href":"https:\/\/blogdoedvaldomagalhaes.com.br\/index.php\/wp-json\/wp\/v2\/media?parent=122608"}],"wp:term":[{"taxonomy":"category","embeddable":true,"href":"https:\/\/blogdoedvaldomagalhaes.com.br\/index.php\/wp-json\/wp\/v2\/categories?post=122608"},{"taxonomy":"post_tag","embeddable":true,"href":"https:\/\/blogdoedvaldomagalhaes.com.br\/index.php\/wp-json\/wp\/v2\/tags?post=122608"}],"curies":[{"name":"wp","href":"https:\/\/api.w.org\/{rel}","templated":true}]}}