{"id":122605,"date":"2025-09-05T20:56:05","date_gmt":"2025-09-05T23:56:05","guid":{"rendered":"https:\/\/blogdoedvaldomagalhaes.com.br\/?p=122605"},"modified":"2025-09-05T20:56:05","modified_gmt":"2025-09-05T23:56:05","slug":"nova-sede-da-sefaz-em-caruaru-rodrigo-pinheiro-destaca-valorizacao-do-centro-e-proximidade-com-a-populacao","status":"publish","type":"post","link":"https:\/\/blogdoedvaldomagalhaes.com.br\/index.php\/2025\/09\/05\/nova-sede-da-sefaz-em-caruaru-rodrigo-pinheiro-destaca-valorizacao-do-centro-e-proximidade-com-a-populacao\/","title":{"rendered":"Nova sede da SEFAZ em Caruaru: Rodrigo Pinheiro destaca valoriza\u00e7\u00e3o do Centro e proximidade com a popula\u00e7\u00e3o"},"content":{"rendered":"<p>A Secretaria da Fazenda (SEFAZ) de Caruaru inaugurou, nesta sexta-feira (05.08), sua nova sede, um passo que o prefeito Rodrigo Pinheiro classificou como fundamental para a valoriza\u00e7\u00e3o do centro da cidade e aprimoramento do atendimento ao p\u00fablico. A nova sede est\u00e1 localizada na Rua Mestre Pedro, n\u00ba 74, marcando o retorno da secretaria para a \u00e1rea central, o que facilita o acesso dos contribuintes aos servi\u00e7os essenciais como emiss\u00e3o de IPTU, notas fiscais e negocia\u00e7\u00e3o de d\u00e9bitos.<\/p>\n<p>Durante a cerim\u00f4nia, o prefeito destacou que a mudan\u00e7a visa oferecer um atendimento de qualidade, mais pr\u00f3ximo dos cidad\u00e3os, em uma regi\u00e3o que concentra um grande fluxo de pessoas e atividades comerciais. Pinheiro ressaltou ainda os avan\u00e7os de sua gest\u00e3o em outras frentes, mencionando Caruaru como a cidade que mais gerou empregos formais no interior de Pernambuco, al\u00e9m de registrar o m\u00eas de agosto mais seguro dos \u00faltimos tempos.<\/p>\n<p>O prefeito enfatizou o trabalho cont\u00ednuo da prefeitura em parceria com os governos estadual e federal, que tem resultado em obras por toda a cidade. Ele citou, tamb\u00e9m, o programa &#8220;Minha Rua Nova&#8221;, que transforma ruas de terra em vias pavimentadas, trazendo mais seguran\u00e7a e tranquilidade. A gest\u00e3o tamb\u00e9m lan\u00e7ou o programa \u201cSuper Refiz\u201d, que amplia as condi\u00e7\u00f5es para que os contribuintes possam negociar seus d\u00e9bitos com mais facilidade.<\/p>\n<p>Finalizando seu discurso, Rodrigo Pinheiro agradeceu a dedica\u00e7\u00e3o dos servidores municipais e refor\u00e7ou o compromisso de sua gest\u00e3o em cuidar das pessoas e fazer de Caruaru uma cidade cada vez melhor para se viver. &#8220;Temos trabalhado com muita parceria, trabalho e dedica\u00e7\u00e3o&#8221;, afirmou o prefeito.<br \/>\nSeja seguidor do Instagram do Blog pelo @blogdoedvaldomagalhaes<br \/>\nFoto: <\/p>\n","protected":false},"excerpt":{"rendered":"<p>A Secretaria da Fazenda (SEFAZ) de Caruaru inaugurou, nesta sexta-feira (05.08), sua nova sede, um passo que o prefeito Rodrigo&hellip;<\/p>\n","protected":false},"author":1,"featured_media":122606,"comment_status":"closed","ping_status":"open","sticky":false,"template":"","format":"standard","meta":{"footnotes":""},"categories":[14122],"tags":[34602,27410,13146,28801,34601,20],"class_list":["post-122605","post","type-post","status-publish","format-standard","has-post-thumbnail","hentry","category-politica","tag-blgo-com-mais-visualizacao","tag-blog-de-caruaru","tag-blog-edvaldo-magalhaes","tag-blog-mais-acessado","tag-nova-sede-da-sefaz-em-caruaru-rodrigo-pinheiro-destaca-valorizacao-do-centro-e-proximidade-com-a-populacao","tag-politica"],"_links":{"self":[{"href":"https:\/\/blogdoedvaldomagalhaes.com.br\/index.php\/wp-json\/wp\/v2\/posts\/122605","targetHints":{"allow":["GET"]}}],"collection":[{"href":"https:\/\/blogdoedvaldomagalhaes.com.br\/index.php\/wp-json\/wp\/v2\/posts"}],"about":[{"href":"https:\/\/blogdoedvaldomagalhaes.com.br\/index.php\/wp-json\/wp\/v2\/types\/post"}],"author":[{"embeddable":true,"href":"https:\/\/blogdoedvaldomagalhaes.com.br\/index.php\/wp-json\/wp\/v2\/users\/1"}],"replies":[{"embeddable":true,"href":"https:\/\/blogdoedvaldomagalhaes.com.br\/index.php\/wp-json\/wp\/v2\/comments?post=122605"}],"version-history":[{"count":1,"href":"https:\/\/blogdoedvaldomagalhaes.com.br\/index.php\/wp-json\/wp\/v2\/posts\/122605\/revisions"}],"predecessor-version":[{"id":122607,"href":"https:\/\/blogdoedvaldomagalhaes.com.br\/index.php\/wp-json\/wp\/v2\/posts\/122605\/revisions\/122607"}],"wp:featuredmedia":[{"embeddable":true,"href":"https:\/\/blogdoedvaldomagalhaes.com.br\/index.php\/wp-json\/wp\/v2\/media\/122606"}],"wp:attachment":[{"href":"https:\/\/blogdoedvaldomagalhaes.com.br\/index.php\/wp-json\/wp\/v2\/media?parent=122605"}],"wp:term":[{"taxonomy":"category","embeddable":true,"href":"https:\/\/blogdoedvaldomagalhaes.com.br\/index.php\/wp-json\/wp\/v2\/categories?post=122605"},{"taxonomy":"post_tag","embeddable":true,"href":"https:\/\/blogdoedvaldomagalhaes.com.br\/index.php\/wp-json\/wp\/v2\/tags?post=122605"}],"curies":[{"name":"wp","href":"https:\/\/api.w.org\/{rel}","templated":true}]}}