{"id":122601,"date":"2025-09-05T20:40:13","date_gmt":"2025-09-05T23:40:13","guid":{"rendered":"https:\/\/blogdoedvaldomagalhaes.com.br\/?p=122601"},"modified":"2025-09-05T20:40:13","modified_gmt":"2025-09-05T23:40:13","slug":"apos-fuga-pela-contramao-da-av-caxanga-dupla-e-detida-com-carro-roubado","status":"publish","type":"post","link":"https:\/\/blogdoedvaldomagalhaes.com.br\/index.php\/2025\/09\/05\/apos-fuga-pela-contramao-da-av-caxanga-dupla-e-detida-com-carro-roubado\/","title":{"rendered":"Ap\u00f3s fuga pela contram\u00e3o da Av Caxang\u00e1, dupla \u00e9 detida com carro roubado"},"content":{"rendered":"<p>Dois homens que estavam em um carro roubado foram detidos, nesta quinta-feira (4), pela Pol\u00edcia Rodovi\u00e1ria Federal (PRF), Diretoria de Articula\u00e7\u00e3o Social e Direitos Humanos da Pol\u00edcia Militar (DASDH-PM) e 10\u00aa DPH da Pol\u00edcia Civil. A dupla tentou fugir pela contram\u00e3o da avenida Caxang\u00e1 e foi detida ap\u00f3s fugir pelas ruas do bairro.<\/p>\n<p>Pol\u00edcia Rodovi\u00e1ria Federal<\/p>\n<p>Voc\u00ea est\u00e1 aqui: P\u00e1gina Inicial Not\u00edcias  Estaduais  Pernambuco  2025  Setembro  Ap\u00f3s fuga pela contram\u00e3o da Av Caxang\u00e1, dupla \u00e9 detida com carro roubado no Recife<br \/>\nAp\u00f3s fuga pela contram\u00e3o da Av Caxang\u00e1, dupla \u00e9 detida com carro roubado no Recife<br \/>\nHomens desobedeceram ordem de parada e tentaram fugir a p\u00e9, mas foram alcan\u00e7ados<br \/>\nCompartilhe:  Compartilhe por Facebook Compartilhe por Twitter Compartilhe por LinkedIn Compartilhe por WhatsApplink para Copiar para \u00e1rea de transfer\u00eancia<br \/>\nPublicado em 04\/09\/2025 15h01<br \/>\nAtualizado em 04\/09\/2025 15h02<br \/>\nAp\u00f3s fuga pela contram\u00e3o da Av Caxang\u00e1, dupla \u00e9 detida com carro roubado no Recife<br \/>\nDois homens que estavam em um carro roubado foram detidos, nesta quinta-feira (4), pela Pol\u00edcia Rodovi\u00e1ria Federal (PRF), Diretoria de Articula\u00e7\u00e3o Social e Direitos Humanos da Pol\u00edcia Militar (DASDH-PM) e 10\u00aa DPH da Pol\u00edcia Civil. A dupla tentou fugir pela contram\u00e3o da avenida Caxang\u00e1 e foi detida ap\u00f3s fugir pelas ruas do bairro.<\/p>\n<p>A\u00e7\u00e3o 1<br \/>\nCarro recuperado<br \/>\nPoliciais realizavam uma fiscaliza\u00e7\u00e3o na BR 101, pr\u00f3ximo \u00e0 Cidade Universit\u00e1ria, quando deram ordem de parada ao motorista de um carro. O homem desobedeceu e seguiu em dire\u00e7\u00e3o a avenida Caxang\u00e1, onde invadiu a faixa exclusiva de \u00f4nibus, transitou pela contram\u00e3o e rodou com o carro ao sair da avenida. Em seguida, os homens tentaram fugir a p\u00e9, mas foram alcan\u00e7ados com o apoio da PMPE e PCPE.<\/p>\n<p>O carro havia sido roubado no dia 21 de agosto no bairro do Cordeiro, na Zona Oeste da capital.<\/p>\n<p>Os homens foram encaminhados ao Departamento de Repress\u00e3o aos Crimes Patrimoniais (DHPP), no Cordeiro. Foto: Divulga\u00e7\u00e3o\/PRF<br \/>\nSiga o Instagram do Blog pelo @blogdoedvaldomagalhaes<\/p>\n","protected":false},"excerpt":{"rendered":"<p>Dois homens que estavam em um carro roubado foram detidos, nesta quinta-feira (4), pela Pol\u00edcia Rodovi\u00e1ria Federal (PRF), Diretoria de&hellip;<\/p>\n","protected":false},"author":1,"featured_media":122602,"comment_status":"closed","ping_status":"open","sticky":false,"template":"","format":"standard","meta":{"footnotes":""},"categories":[14121],"tags":[30253,30592,13146,28801],"class_list":["post-122601","post","type-post","status-publish","format-standard","has-post-thumbnail","hentry","category-policial","tag-blog-caruaru","tag-blog-com-mais-seguidores","tag-blog-edvaldo-magalhaes","tag-blog-mais-acessado"],"_links":{"self":[{"href":"https:\/\/blogdoedvaldomagalhaes.com.br\/index.php\/wp-json\/wp\/v2\/posts\/122601","targetHints":{"allow":["GET"]}}],"collection":[{"href":"https:\/\/blogdoedvaldomagalhaes.com.br\/index.php\/wp-json\/wp\/v2\/posts"}],"about":[{"href":"https:\/\/blogdoedvaldomagalhaes.com.br\/index.php\/wp-json\/wp\/v2\/types\/post"}],"author":[{"embeddable":true,"href":"https:\/\/blogdoedvaldomagalhaes.com.br\/index.php\/wp-json\/wp\/v2\/users\/1"}],"replies":[{"embeddable":true,"href":"https:\/\/blogdoedvaldomagalhaes.com.br\/index.php\/wp-json\/wp\/v2\/comments?post=122601"}],"version-history":[{"count":1,"href":"https:\/\/blogdoedvaldomagalhaes.com.br\/index.php\/wp-json\/wp\/v2\/posts\/122601\/revisions"}],"predecessor-version":[{"id":122603,"href":"https:\/\/blogdoedvaldomagalhaes.com.br\/index.php\/wp-json\/wp\/v2\/posts\/122601\/revisions\/122603"}],"wp:featuredmedia":[{"embeddable":true,"href":"https:\/\/blogdoedvaldomagalhaes.com.br\/index.php\/wp-json\/wp\/v2\/media\/122602"}],"wp:attachment":[{"href":"https:\/\/blogdoedvaldomagalhaes.com.br\/index.php\/wp-json\/wp\/v2\/media?parent=122601"}],"wp:term":[{"taxonomy":"category","embeddable":true,"href":"https:\/\/blogdoedvaldomagalhaes.com.br\/index.php\/wp-json\/wp\/v2\/categories?post=122601"},{"taxonomy":"post_tag","embeddable":true,"href":"https:\/\/blogdoedvaldomagalhaes.com.br\/index.php\/wp-json\/wp\/v2\/tags?post=122601"}],"curies":[{"name":"wp","href":"https:\/\/api.w.org\/{rel}","templated":true}]}}