{"id":122598,"date":"2025-09-05T20:34:11","date_gmt":"2025-09-05T23:34:11","guid":{"rendered":"https:\/\/blogdoedvaldomagalhaes.com.br\/?p=122598"},"modified":"2025-09-05T20:34:11","modified_gmt":"2025-09-05T23:34:11","slug":"prf-detem-homem-com-cedulas-falsas","status":"publish","type":"post","link":"https:\/\/blogdoedvaldomagalhaes.com.br\/index.php\/2025\/09\/05\/prf-detem-homem-com-cedulas-falsas\/","title":{"rendered":"PRF det\u00e9m homem com c\u00e9dulas falsas"},"content":{"rendered":"<p>Um homem que portava R$500,00 em notas falsas foi detido, nesta sexta-feira (5), pela Pol\u00edcia Rodovi\u00e1ria Federal (PRF), na BR 116, em Salgueiro, no Sert\u00e3o de Pernambuco. O dinheiro era transportado em meio a c\u00e9dulas verdadeiras e chamou a aten\u00e7\u00e3o dos policiais durante uma fiscaliza\u00e7\u00e3o.<\/p>\n<p>Uma equipe da PRF realizava uma blitz no Km 24 da rodovia, quando abordou um carro ocupado por dois homens. Durante a abordagem, foi percebido que o passageiro segurava uma c\u00e9dula de 100 reais com sinais de falsifica\u00e7\u00e3o.<\/p>\n<p>O homem relutou em entregar a c\u00e9dula para comprovar a autenticidade, mas quando os policiais analisaram o dinheiro perceberam ind\u00edcios de falsifica\u00e7\u00e3o. No total de 20 c\u00e9dulas que ele transportava, seis chamaram a aten\u00e7\u00e3o da equipe, sendo quatro de 100 reais e duas de 50 reais.<\/p>\n<p>O passageiro alegou que havia acabado de fazer compras em um supermercado de Salgueiro e que n\u00e3o sabia da irregularidade. O motorista disse que havia sido contratado para transportar o homem.<\/p>\n<p>O passageiro foi encaminhado \u00e0 Delegacia de Pol\u00edcia Federal em Salgueiro e poder\u00e1 responder pelo crime de moeda falsa. Posteriormente, os policiais receberam a informa\u00e7\u00e3o de que o suspeito havia tentando fazer compras em um supermercado da cidade e a atendente percebeu a irregularidade, mas ele saiu antes da pol\u00edcia ser acionada.<br \/>\nSeja seguidor do Instagram do Blog pelo @blogdoedvaldomagalhaes<br \/>\nFoto: Divulga\u00e7\u00e3o\/PRF<\/p>\n","protected":false},"excerpt":{"rendered":"<p>Um homem que portava R$500,00 em notas falsas foi detido, nesta sexta-feira (5), pela Pol\u00edcia Rodovi\u00e1ria Federal (PRF), na BR&hellip;<\/p>\n","protected":false},"author":1,"featured_media":122599,"comment_status":"closed","ping_status":"open","sticky":false,"template":"","format":"standard","meta":{"footnotes":""},"categories":[14121],"tags":[29440,27410,13146,28801,34600],"class_list":["post-122598","post","type-post","status-publish","format-standard","has-post-thumbnail","hentry","category-policial","tag-blog-com-mais-visualizacao","tag-blog-de-caruaru","tag-blog-edvaldo-magalhaes","tag-blog-mais-acessado","tag-prf-detem-homem-com-cedulas-falsas-em-salgueiro"],"_links":{"self":[{"href":"https:\/\/blogdoedvaldomagalhaes.com.br\/index.php\/wp-json\/wp\/v2\/posts\/122598","targetHints":{"allow":["GET"]}}],"collection":[{"href":"https:\/\/blogdoedvaldomagalhaes.com.br\/index.php\/wp-json\/wp\/v2\/posts"}],"about":[{"href":"https:\/\/blogdoedvaldomagalhaes.com.br\/index.php\/wp-json\/wp\/v2\/types\/post"}],"author":[{"embeddable":true,"href":"https:\/\/blogdoedvaldomagalhaes.com.br\/index.php\/wp-json\/wp\/v2\/users\/1"}],"replies":[{"embeddable":true,"href":"https:\/\/blogdoedvaldomagalhaes.com.br\/index.php\/wp-json\/wp\/v2\/comments?post=122598"}],"version-history":[{"count":1,"href":"https:\/\/blogdoedvaldomagalhaes.com.br\/index.php\/wp-json\/wp\/v2\/posts\/122598\/revisions"}],"predecessor-version":[{"id":122600,"href":"https:\/\/blogdoedvaldomagalhaes.com.br\/index.php\/wp-json\/wp\/v2\/posts\/122598\/revisions\/122600"}],"wp:featuredmedia":[{"embeddable":true,"href":"https:\/\/blogdoedvaldomagalhaes.com.br\/index.php\/wp-json\/wp\/v2\/media\/122599"}],"wp:attachment":[{"href":"https:\/\/blogdoedvaldomagalhaes.com.br\/index.php\/wp-json\/wp\/v2\/media?parent=122598"}],"wp:term":[{"taxonomy":"category","embeddable":true,"href":"https:\/\/blogdoedvaldomagalhaes.com.br\/index.php\/wp-json\/wp\/v2\/categories?post=122598"},{"taxonomy":"post_tag","embeddable":true,"href":"https:\/\/blogdoedvaldomagalhaes.com.br\/index.php\/wp-json\/wp\/v2\/tags?post=122598"}],"curies":[{"name":"wp","href":"https:\/\/api.w.org\/{rel}","templated":true}]}}