{"id":122594,"date":"2025-09-05T20:25:40","date_gmt":"2025-09-05T23:25:40","guid":{"rendered":"https:\/\/blogdoedvaldomagalhaes.com.br\/?p=122594"},"modified":"2025-09-05T20:51:37","modified_gmt":"2025-09-05T23:51:37","slug":"prf-cumpre-em-caruaru-mandado-por-homicidio-expedido-ha-uma-semana","status":"publish","type":"post","link":"https:\/\/blogdoedvaldomagalhaes.com.br\/index.php\/2025\/09\/05\/prf-cumpre-em-caruaru-mandado-por-homicidio-expedido-ha-uma-semana\/","title":{"rendered":"PRF cumpre em Caruaru mandado por homic\u00eddio expedido h\u00e1 uma semana"},"content":{"rendered":"<p>Um homem que era procurado por homic\u00eddio foi detido, na quinta-feira (5), pela Pol\u00edcia Rodovi\u00e1ria Federal (PRF), na BR 232, em Caruaru, no Agreste. O mandado de pris\u00e3o havia sido expedido h\u00e1 um semana pela Vara Criminal da Comarca de Moreno, no Grande Recife.<\/p>\n<p>Durante uma fiscaliza\u00e7\u00e3o a um carro, foi constatado que o condutor possu\u00eda um mandado de pris\u00e3o em aberto com validade at\u00e9 2048. O homem alegou que estava cumprindo pena no regime aberto por outro homic\u00eddio e que n\u00e3o sabia do novo mandado.<\/p>\n<p>O homem foi detido e encaminhado \u00e0 Delegacia de Plant\u00e3o de Caruaru, para ser apresentado \u00e0 justi\u00e7a.<br \/>\nSiga o Instagram do Blog pelo @blogdoedvaldomagalhaes<br \/>\nFoto: Divulga\u00e7\u00e3o\/PRF<\/p>\n","protected":false},"excerpt":{"rendered":"<p>Um homem que era procurado por homic\u00eddio foi detido, na quinta-feira (5), pela Pol\u00edcia Rodovi\u00e1ria Federal (PRF), na BR 232,&hellip;<\/p>\n","protected":false},"author":1,"featured_media":122604,"comment_status":"closed","ping_status":"open","sticky":false,"template":"","format":"standard","meta":{"footnotes":""},"categories":[14121],"tags":[28803,27410,2,28801,34599],"class_list":["post-122594","post","type-post","status-publish","format-standard","has-post-thumbnail","hentry","category-policial","tag-blog-com-mais-visualizacoes","tag-blog-de-caruaru","tag-blog-do-edvaldo-magalhaes","tag-blog-mais-acessado","tag-prf-cumpre-em-caruaru-mandado-por-homicidio-expedido-ha-uma-semana"],"_links":{"self":[{"href":"https:\/\/blogdoedvaldomagalhaes.com.br\/index.php\/wp-json\/wp\/v2\/posts\/122594","targetHints":{"allow":["GET"]}}],"collection":[{"href":"https:\/\/blogdoedvaldomagalhaes.com.br\/index.php\/wp-json\/wp\/v2\/posts"}],"about":[{"href":"https:\/\/blogdoedvaldomagalhaes.com.br\/index.php\/wp-json\/wp\/v2\/types\/post"}],"author":[{"embeddable":true,"href":"https:\/\/blogdoedvaldomagalhaes.com.br\/index.php\/wp-json\/wp\/v2\/users\/1"}],"replies":[{"embeddable":true,"href":"https:\/\/blogdoedvaldomagalhaes.com.br\/index.php\/wp-json\/wp\/v2\/comments?post=122594"}],"version-history":[{"count":2,"href":"https:\/\/blogdoedvaldomagalhaes.com.br\/index.php\/wp-json\/wp\/v2\/posts\/122594\/revisions"}],"predecessor-version":[{"id":122597,"href":"https:\/\/blogdoedvaldomagalhaes.com.br\/index.php\/wp-json\/wp\/v2\/posts\/122594\/revisions\/122597"}],"wp:featuredmedia":[{"embeddable":true,"href":"https:\/\/blogdoedvaldomagalhaes.com.br\/index.php\/wp-json\/wp\/v2\/media\/122604"}],"wp:attachment":[{"href":"https:\/\/blogdoedvaldomagalhaes.com.br\/index.php\/wp-json\/wp\/v2\/media?parent=122594"}],"wp:term":[{"taxonomy":"category","embeddable":true,"href":"https:\/\/blogdoedvaldomagalhaes.com.br\/index.php\/wp-json\/wp\/v2\/categories?post=122594"},{"taxonomy":"post_tag","embeddable":true,"href":"https:\/\/blogdoedvaldomagalhaes.com.br\/index.php\/wp-json\/wp\/v2\/tags?post=122594"}],"curies":[{"name":"wp","href":"https:\/\/api.w.org\/{rel}","templated":true}]}}