{"id":1225,"date":"2018-09-24T21:56:00","date_gmt":"2018-09-25T00:56:00","guid":{"rendered":"http:\/\/blogdoedvaldomagalhaes.com.br\/index.php\/2018\/09\/24\/eduardo-baptista-deixa-o-sport-e\/"},"modified":"2019-02-09T02:32:14","modified_gmt":"2019-02-09T04:32:14","slug":"eduardo-baptista-deixa-o-sport-e","status":"publish","type":"post","link":"https:\/\/blogdoedvaldomagalhaes.com.br\/index.php\/2018\/09\/24\/eduardo-baptista-deixa-o-sport-e\/","title":{"rendered":"Eduardo Baptista deixa o Sport e diretoria entrega os cargos"},"content":{"rendered":"<div class=\"separator\" style=\"clear: both; text-align: center;\">\n<a href=\"https:\/\/2.bp.blogspot.com\/-qF70bcJcTPo\/W6ldTUrQetI\/AAAAAAAA6kU\/SO_xCnXsqUwWKqdf9ogzJ-hgWR7xQdvBACLcBGAs\/s1600\/foto.jpg\" imageanchor=\"1\" style=\"margin-left: 1em; margin-right: 1em;\"><img loading=\"lazy\" decoding=\"async\" border=\"0\" data-original-height=\"350\" data-original-width=\"622\" height=\"360\" src=\"http:\/\/blogdoedvaldomagalhaes.com.br\/wp-content\/uploads\/2018\/09\/foto-3.jpg\" width=\"640\" \/><\/a><\/div>\n<div style=\"text-align: justify;\">\n<\/div>\n<div style=\"text-align: justify;\">\nA informa\u00e7\u00e3o pegou o vice de futebol do Sport, Guilherme Beltr\u00e3o de surpresa por voltas das 11hs. O comunicado foi feito pelo treinador para o vice executivo, Gustavo Dubeux.<\/div>\n<div style=\"text-align: justify;\">\n<\/div>\n<div style=\"text-align: justify;\">\nAs 13h30 o clube anunciou oficialmente a sa\u00edda da comiss\u00e3o t\u00e9cnica com Eduardo Baptista e seu assistente, Gustavo Bueno. Tamb\u00e9m deixam o clube os dirigentes, Leonardo Lopes, J\u00falio Neto, Luciano Bivar Filho e o vice de futebol, Guilherme Beltr\u00e3o.<\/div>\n<div style=\"text-align: justify;\">\n<\/div>\n<div style=\"text-align: justify;\">\n<b>NOTA OFICIAL<\/b><\/div>\n<div style=\"text-align: justify;\">\n<\/div>\n<div style=\"text-align: justify;\">\nOs membros da Diretoria de Futebol e o t\u00e9cnico Eduardo Baptista colocaram seus cargos \u00e0 disposi\u00e7\u00e3o da Presid\u00eancia e tiveram suas sa\u00eddas do Sport Club do Recife confirmadas na manh\u00e3 desta segunda-feira (24), um dia ap\u00f3s a derrota para o Palmeiras, por 1\u00d70, pela 26\u00aa rodada do Brasileir\u00e3o. A reformula\u00e7\u00e3o est\u00e1 em curso e, o mais breve poss\u00edvel, o torcedor conhecer\u00e1 o nome do novo Vice-Presidente e dos demais integrantes da c\u00fapula do futebol rubro-negro.<\/div>\n<div style=\"text-align: justify;\">\n<\/div>\n<div style=\"text-align: justify;\">\nDeixam o Clube o Vice-Presidente de Futebol, Guilherme Beltr\u00e3o, e os diretores Leonardo Lopes, J\u00falio Neto e Luciano Bivar Filho. Da comiss\u00e3o t\u00e9cnica, al\u00e9m de Eduardo Baptista, tamb\u00e9m sai o assistente-t\u00e9cnico Gustavo Bueno.<\/div>\n<div style=\"text-align: justify;\">\n<\/div>\n<div style=\"text-align: justify;\">\nO Sport Club do Recife agradece a todos pelos servi\u00e7os prestados na Ilha do Retiro.<\/div>\n<div style=\"text-align: justify;\">\n<\/div>\n<div style=\"text-align: justify;\">\nFonte: Blog do Wellington Ara\u00fajo.<\/div>\n<p><\/p>\n","protected":false},"excerpt":{"rendered":"<p>A informa\u00e7\u00e3o pegou o vice de futebol do Sport, Guilherme Beltr\u00e3o de surpresa por voltas das 11hs. O comunicado foi&hellip;<\/p>\n","protected":false},"author":1,"featured_media":0,"comment_status":"open","ping_status":"open","sticky":false,"template":"","format":"standard","meta":{"footnotes":""},"categories":[1],"tags":[2,1184,3],"class_list":["post-1225","post","type-post","status-publish","format-standard","hentry","category-sem-categoria","tag-blog-do-edvaldo-magalhaes","tag-eduardo-baptista-deixa-o-sport-e-diretoria-entrega-os-cargos","tag-futebol"],"_links":{"self":[{"href":"https:\/\/blogdoedvaldomagalhaes.com.br\/index.php\/wp-json\/wp\/v2\/posts\/1225","targetHints":{"allow":["GET"]}}],"collection":[{"href":"https:\/\/blogdoedvaldomagalhaes.com.br\/index.php\/wp-json\/wp\/v2\/posts"}],"about":[{"href":"https:\/\/blogdoedvaldomagalhaes.com.br\/index.php\/wp-json\/wp\/v2\/types\/post"}],"author":[{"embeddable":true,"href":"https:\/\/blogdoedvaldomagalhaes.com.br\/index.php\/wp-json\/wp\/v2\/users\/1"}],"replies":[{"embeddable":true,"href":"https:\/\/blogdoedvaldomagalhaes.com.br\/index.php\/wp-json\/wp\/v2\/comments?post=1225"}],"version-history":[{"count":1,"href":"https:\/\/blogdoedvaldomagalhaes.com.br\/index.php\/wp-json\/wp\/v2\/posts\/1225\/revisions"}],"predecessor-version":[{"id":34317,"href":"https:\/\/blogdoedvaldomagalhaes.com.br\/index.php\/wp-json\/wp\/v2\/posts\/1225\/revisions\/34317"}],"wp:attachment":[{"href":"https:\/\/blogdoedvaldomagalhaes.com.br\/index.php\/wp-json\/wp\/v2\/media?parent=1225"}],"wp:term":[{"taxonomy":"category","embeddable":true,"href":"https:\/\/blogdoedvaldomagalhaes.com.br\/index.php\/wp-json\/wp\/v2\/categories?post=1225"},{"taxonomy":"post_tag","embeddable":true,"href":"https:\/\/blogdoedvaldomagalhaes.com.br\/index.php\/wp-json\/wp\/v2\/tags?post=1225"}],"curies":[{"name":"wp","href":"https:\/\/api.w.org\/{rel}","templated":true}]}}