{"id":1224,"date":"2018-09-24T22:36:00","date_gmt":"2018-09-25T01:36:00","guid":{"rendered":"http:\/\/blogdoedvaldomagalhaes.com.br\/index.php\/2018\/09\/24\/idoso-vitima-de-latrocinio-na-zona\/"},"modified":"2019-02-09T02:32:15","modified_gmt":"2019-02-09T04:32:15","slug":"idoso-vitima-de-latrocinio-na-zona","status":"publish","type":"post","link":"https:\/\/blogdoedvaldomagalhaes.com.br\/index.php\/2018\/09\/24\/idoso-vitima-de-latrocinio-na-zona\/","title":{"rendered":"Idoso v\u00edtima de latroc\u00ednio na zona rural de Caruaru"},"content":{"rendered":"<div class=\"separator\" style=\"clear: both; text-align: center;\">\n<a href=\"https:\/\/3.bp.blogspot.com\/-pZjief67PQQ\/W6lmneAuFVI\/AAAAAAAA6kg\/RHwGVA7qtF4dQAccGROsbdOOwX4I8XUTACLcBGAs\/s1600\/IMG-20180924-WA0203.jpg\" imageanchor=\"1\" style=\"margin-left: 1em; margin-right: 1em;\"><img loading=\"lazy\" decoding=\"async\" border=\"0\" data-original-height=\"584\" data-original-width=\"1040\" height=\"356\" src=\"http:\/\/blogdoedvaldomagalhaes.com.br\/wp-content\/uploads\/2018\/09\/IMG-20180924-WA0203.jpg\" width=\"640\" \/><\/a><\/div>\n<p><\/p>\n<div style=\"background-color: white; margin-bottom: 6px; text-align: justify;\">\nO aposentado Jos\u00e9 Quirino da Silva, conhecido por Trabaiada, de 70 anos de idade, foi encontrado morto dentro da pr\u00f3pria resid\u00eancia, no s\u00edtio Encanto, que fica pr\u00f3ximo ao campo de Big e da CEACA, na zona rural de Caruaru. A v\u00edtima morava sozinha, sendo encontrada pela irm\u00e3 que foi ao local para visita, encontrado a porta aberta e a v\u00edtima ca\u00edda dentro de casa.<\/div>\n<div class=\"text_exposed_show\" style=\"background-color: white; display: inline;\">\n<div style=\"margin-bottom: 6px; text-align: justify;\">\n<\/div>\n<\/div>\n<div class=\"separator\" style=\"clear: both; text-align: center;\">\n<a href=\"https:\/\/2.bp.blogspot.com\/-epon9bJ2TF0\/W6lmpy2ZUfI\/AAAAAAAA6kk\/rwvtOMHVRnURJlmRiRq6MDLHrUmyGJ0hQCLcBGAs\/s1600\/IMG-20180924-WA0202.jpg\" imageanchor=\"1\" style=\"margin-left: 1em; margin-right: 1em;\"><img loading=\"lazy\" decoding=\"async\" border=\"0\" data-original-height=\"584\" data-original-width=\"1040\" height=\"356\" src=\"http:\/\/blogdoedvaldomagalhaes.com.br\/wp-content\/uploads\/2018\/09\/IMG-20180924-WA0202.jpg\" width=\"640\" \/><\/a><\/div>\n<p><\/p>\n<div style=\"text-align: justify;\">\nSegundo o delegado da 20\u00aa Delegacia de Homic\u00eddios de Caruaru, Rodolfo Bacelar, possivelmente o crime tenha sido cometido durante a madrugada. A v\u00edtima levou dois tiros na face, e provavelmente houve luta corporal, aja vista que a casa estava toda revirada e os marginais levaram uma motocicleta cinquentinha e a televis\u00e3o da v\u00edtima.<\/div>\n<div style=\"text-align: justify;\">\n<\/div>\n<div class=\"separator\" style=\"clear: both; text-align: center;\">\n<a href=\"https:\/\/3.bp.blogspot.com\/-HQ1CJJjhUdg\/W6lmsPdgBeI\/AAAAAAAA6ko\/jzEUrBdOFPkmxmY1MFBt80N9jobz6sdjwCLcBGAs\/s1600\/IMG-20180924-WA0204.jpg\" imageanchor=\"1\" style=\"margin-left: 1em; margin-right: 1em;\"><img loading=\"lazy\" decoding=\"async\" border=\"0\" data-original-height=\"584\" data-original-width=\"1040\" height=\"356\" src=\"http:\/\/blogdoedvaldomagalhaes.com.br\/wp-content\/uploads\/2018\/09\/IMG-20180924-WA0204.jpg\" width=\"640\" \/><\/a><\/div>\n<p><\/p>\n<div style=\"text-align: justify;\">\nEste foi o 12\u00ba homic\u00eddio no m\u00eas de setembro e o 129\u00ba do ano em Caruaru.<\/div>\n","protected":false},"excerpt":{"rendered":"<p>O aposentado Jos\u00e9 Quirino da Silva, conhecido por Trabaiada, de 70 anos de idade, foi encontrado morto dentro da pr\u00f3pria&hellip;<\/p>\n","protected":false},"author":1,"featured_media":0,"comment_status":"open","ping_status":"open","sticky":false,"template":"","format":"standard","meta":{"footnotes":""},"categories":[1],"tags":[2,1183,13],"class_list":["post-1224","post","type-post","status-publish","format-standard","hentry","category-sem-categoria","tag-blog-do-edvaldo-magalhaes","tag-idoso-vitima-de-latrocinio-na-zona-rural-de-caruaru","tag-policial"],"_links":{"self":[{"href":"https:\/\/blogdoedvaldomagalhaes.com.br\/index.php\/wp-json\/wp\/v2\/posts\/1224","targetHints":{"allow":["GET"]}}],"collection":[{"href":"https:\/\/blogdoedvaldomagalhaes.com.br\/index.php\/wp-json\/wp\/v2\/posts"}],"about":[{"href":"https:\/\/blogdoedvaldomagalhaes.com.br\/index.php\/wp-json\/wp\/v2\/types\/post"}],"author":[{"embeddable":true,"href":"https:\/\/blogdoedvaldomagalhaes.com.br\/index.php\/wp-json\/wp\/v2\/users\/1"}],"replies":[{"embeddable":true,"href":"https:\/\/blogdoedvaldomagalhaes.com.br\/index.php\/wp-json\/wp\/v2\/comments?post=1224"}],"version-history":[{"count":1,"href":"https:\/\/blogdoedvaldomagalhaes.com.br\/index.php\/wp-json\/wp\/v2\/posts\/1224\/revisions"}],"predecessor-version":[{"id":34321,"href":"https:\/\/blogdoedvaldomagalhaes.com.br\/index.php\/wp-json\/wp\/v2\/posts\/1224\/revisions\/34321"}],"wp:attachment":[{"href":"https:\/\/blogdoedvaldomagalhaes.com.br\/index.php\/wp-json\/wp\/v2\/media?parent=1224"}],"wp:term":[{"taxonomy":"category","embeddable":true,"href":"https:\/\/blogdoedvaldomagalhaes.com.br\/index.php\/wp-json\/wp\/v2\/categories?post=1224"},{"taxonomy":"post_tag","embeddable":true,"href":"https:\/\/blogdoedvaldomagalhaes.com.br\/index.php\/wp-json\/wp\/v2\/tags?post=1224"}],"curies":[{"name":"wp","href":"https:\/\/api.w.org\/{rel}","templated":true}]}}