{"id":122250,"date":"2025-08-23T09:18:00","date_gmt":"2025-08-23T12:18:00","guid":{"rendered":"https:\/\/blogdoedvaldomagalhaes.com.br\/?p=122250"},"modified":"2025-08-23T09:18:00","modified_gmt":"2025-08-23T12:18:00","slug":"governo-de-pernambuco-anuncia-obra-de-ampliacao-que-duplica-capacidade-do-hospital-regional-do-agreste","status":"publish","type":"post","link":"https:\/\/blogdoedvaldomagalhaes.com.br\/index.php\/2025\/08\/23\/governo-de-pernambuco-anuncia-obra-de-ampliacao-que-duplica-capacidade-do-hospital-regional-do-agreste\/","title":{"rendered":"Governo de Pernambuco anuncia obra de amplia\u00e7\u00e3o que duplica capacidade do Hospital Regional do Agreste"},"content":{"rendered":"<p>O Governo de Pernambuco anunciou, nesta sexta-feira (22.08), a ordem de servi\u00e7o para a execu\u00e7\u00e3o de servi\u00e7os de reforma e amplia\u00e7\u00e3o do Hospital Regional do Agreste (HRA), em Caruaru. O investimento estimado \u00e9 de R$ 110 milh\u00f5es, com prazo de execu\u00e7\u00e3o de 16 meses a partir da emiss\u00e3o da ordem de servi\u00e7o.<\/p>\n<p>Localizado entre as BRs 232 e 104, o HRA \u00e9 refer\u00eancia no atendimento \u00e0 sa\u00fade p\u00fablica para Caruaru e dezenas de munic\u00edpios do interior do estado. A obra prev\u00ea a constru\u00e7\u00e3o de um bloco anexo que moderniza e amplia a infraestrutura, contemplando ambulat\u00f3rio, laborat\u00f3rio, novos leitos de UTI e enfermaria, al\u00e9m de \u00e1reas destinadas a ensino e pesquisa, refor\u00e7ando o papel formador do hospital em est\u00e1gios e resid\u00eancias.<\/p>\n<p>\u201cCom muita alegria, a gente autoriza a licita\u00e7\u00e3o do novo Hospital Regional do Agreste, que vai poder atender todo o povo da nossa regi\u00e3o. Quantos de n\u00f3s sa\u00edram de suas cidades o tempo inteiro pra poder cuidar do nosso povo l\u00e1 na capital? A gente precisava de um lugar onde pudesse acolher melhor as pessoas, os pacientes, os trabalhadores, aqueles que v\u00e3o acompanhar os pacientes, seus familiares\u201d, ressaltou a governadora Raquel Lyra.<\/p>\n<p>Com a amplia\u00e7\u00e3o do HRA, a capacidade instalada dar\u00e1 um salto de 157 para 370 leitos, fortalecendo a rede hospitalar regional, reduzindo superlota\u00e7\u00e3o e evitando deslocamentos de pacientes para outras cidades. A \u00e1rea constru\u00edda passar\u00e1 de 12.641,49m\u00b2 para 28.144,25m\u00b2, garantindo um cuidado mais \u00e1gil, humanizado e eficiente \u00e0 popula\u00e7\u00e3o.<\/p>\n<p>\u201cEsse \u00e9 um passo estrat\u00e9gico para consolidar Caruaru como polo de excel\u00eancia em sa\u00fade. Ao ampliar leitos e servi\u00e7os, qualificamos o atendimento, fortalecemos a forma\u00e7\u00e3o de profissionais e asseguramos um SUS mais justo, mais eficiente e pr\u00f3ximo das pessoas\u201d, afirmou a diretora-geral do HRA, \u00cdtala Gomes.<\/p>\n<p>Al\u00e9m do impacto direto na assist\u00eancia, ampliando o acesso \u00e0 popula\u00e7\u00e3o, a iniciativa estimula o desenvolvimento cient\u00edfico e a capacita\u00e7\u00e3o das equipes de sa\u00fade. O Hospital Regional do Agreste \u00e9 refer\u00eancia em trauma e ortopedia no estado e realiza cerca de 6 mil atendimentos mensalmente.<\/p>\n<p>\u201cUma grande alegria hoje, na cidade natal da governadora Raquel Lyra, com tantas entregas do governo inteiro e na sa\u00fade em especial. A gente segue trabalhando muito, como diz a governadora, acordando cedo, indo dormir tarde, mas entregando muito \u00e0 popula\u00e7\u00e3o do estado de Pernambuco\u201d, pontuou Zilda Cavalcanti, secret\u00e1ria estadual de Sa\u00fade.<\/p>\n<p>Al\u00e9m da reforma e amplia\u00e7\u00e3o do HRA, outros an\u00fancios para a sa\u00fade no Agreste Central foram feitos. Foram eles:<\/p>\n<p>-amplia\u00e7\u00e3o do servi\u00e7o de hemodin\u00e2mica para procedimentos cardiovasculares no Hospital Mestre Vitalino Pereira dos Santos (HMV), com investimento de R$ 3.036.510,00.<br \/>\n&#8211; aquisi\u00e7\u00e3o de parque tecnol\u00f3gico para o HMV, incluindo resson\u00e2ncia magn\u00e9tica, tom\u00f3grafo e mam\u00f3grafo, dentre outros. O  valor de investimento ser\u00e1 de R$ 14.685.412,57.<br \/>\n&#8211; aquisi\u00e7\u00e3o de parque tecnol\u00f3gico para a Unidade Pernambucana de Aten\u00e7\u00e3o Especializada &#8211; UPAE Caruaru, incluindo microsc\u00f3pio cir\u00fargico, ultrassom, sistema de v\u00eddeo endoscopia flex\u00edvel, dentre outros, um investimento de R$ 2.879.402,65.<br \/>\n&#8211; aquisi\u00e7\u00e3o de equipamentos hospitalares para o Hospital S\u00e3o Sebasti\u00e3o, como camas, ventiladores e c\u00e2mara fria. O  valor de investimento ser\u00e1 de R$ 669.735,69.<br \/>\n &#8211; aquisi\u00e7\u00e3o de equipamentos hospitalares para a UPA Caruaru, como digitalizador de imagens radiogr\u00e1ficas, ventiladores, camas e ber\u00e7os. O  valor de investimento ser\u00e1 de R$ 636.644,72.<br \/>\nSiga o Instagram do Blog pelo @blogdoedvaldomagalhaes<br \/>\nFoto: Phillipe Jonathan<\/p>\n","protected":false},"excerpt":{"rendered":"<p>O Governo de Pernambuco anunciou, nesta sexta-feira (22.08), a ordem de servi\u00e7o para a execu\u00e7\u00e3o de servi\u00e7os de reforma e&hellip;<\/p>\n","protected":false},"author":1,"featured_media":122251,"comment_status":"closed","ping_status":"open","sticky":false,"template":"","format":"standard","meta":{"footnotes":""},"categories":[14120],"tags":[29440,27410,13146,28801,34482],"class_list":["post-122250","post","type-post","status-publish","format-standard","has-post-thumbnail","hentry","category-noticias","tag-blog-com-mais-visualizacao","tag-blog-de-caruaru","tag-blog-edvaldo-magalhaes","tag-blog-mais-acessado","tag-governo-de-pernambuco-anuncia-obra-de-ampliacao-que-duplica-capacidade-do-hospital-regional-do-agreste"],"_links":{"self":[{"href":"https:\/\/blogdoedvaldomagalhaes.com.br\/index.php\/wp-json\/wp\/v2\/posts\/122250","targetHints":{"allow":["GET"]}}],"collection":[{"href":"https:\/\/blogdoedvaldomagalhaes.com.br\/index.php\/wp-json\/wp\/v2\/posts"}],"about":[{"href":"https:\/\/blogdoedvaldomagalhaes.com.br\/index.php\/wp-json\/wp\/v2\/types\/post"}],"author":[{"embeddable":true,"href":"https:\/\/blogdoedvaldomagalhaes.com.br\/index.php\/wp-json\/wp\/v2\/users\/1"}],"replies":[{"embeddable":true,"href":"https:\/\/blogdoedvaldomagalhaes.com.br\/index.php\/wp-json\/wp\/v2\/comments?post=122250"}],"version-history":[{"count":1,"href":"https:\/\/blogdoedvaldomagalhaes.com.br\/index.php\/wp-json\/wp\/v2\/posts\/122250\/revisions"}],"predecessor-version":[{"id":122252,"href":"https:\/\/blogdoedvaldomagalhaes.com.br\/index.php\/wp-json\/wp\/v2\/posts\/122250\/revisions\/122252"}],"wp:featuredmedia":[{"embeddable":true,"href":"https:\/\/blogdoedvaldomagalhaes.com.br\/index.php\/wp-json\/wp\/v2\/media\/122251"}],"wp:attachment":[{"href":"https:\/\/blogdoedvaldomagalhaes.com.br\/index.php\/wp-json\/wp\/v2\/media?parent=122250"}],"wp:term":[{"taxonomy":"category","embeddable":true,"href":"https:\/\/blogdoedvaldomagalhaes.com.br\/index.php\/wp-json\/wp\/v2\/categories?post=122250"},{"taxonomy":"post_tag","embeddable":true,"href":"https:\/\/blogdoedvaldomagalhaes.com.br\/index.php\/wp-json\/wp\/v2\/tags?post=122250"}],"curies":[{"name":"wp","href":"https:\/\/api.w.org\/{rel}","templated":true}]}}