{"id":122234,"date":"2025-08-22T22:15:10","date_gmt":"2025-08-23T01:15:10","guid":{"rendered":"https:\/\/blogdoedvaldomagalhaes.com.br\/?p=122234"},"modified":"2025-08-22T22:20:01","modified_gmt":"2025-08-23T01:20:01","slug":"ouvir-para-mudar-em-caruaru-governadora-raquel-lyra-anuncia-investimentos-no-hospital-regional-novas-delegacias-e-reformas-em-escolas-para-o-agreste","status":"publish","type":"post","link":"https:\/\/blogdoedvaldomagalhaes.com.br\/index.php\/2025\/08\/22\/ouvir-para-mudar-em-caruaru-governadora-raquel-lyra-anuncia-investimentos-no-hospital-regional-novas-delegacias-e-reformas-em-escolas-para-o-agreste\/","title":{"rendered":"Ouvir para Mudar: em Caruaru, governadora Raquel Lyra anuncia investimentos no Hospital Regional, novas delegacias e reformas em escolas para o Agreste"},"content":{"rendered":"<p>Em mais uma rodada do Ouvir para Mudar, desta vez realizada em Caruaru, nesta sexta-feira (22), a governadora Raquel Lyra firmou 26 assinaturas para novas obras e servi\u00e7os em diversas \u00e1reas para o Agreste Central. O pacote soma investimentos de cerca de R$ 300 milh\u00f5es que v\u00e3o impactar diretamente a vida da popula\u00e7\u00e3o com melhorias em \u00e1gua, sa\u00fade, educa\u00e7\u00e3o, seguran\u00e7a e mais iniciativas. Entre as assinaturas, est\u00e3o a moderniza\u00e7\u00e3o do Hospital Regional do Agreste, a requalifica\u00e7\u00e3o de 61 escolas estaduais da Ger\u00eancia Regional de Educa\u00e7\u00e3o (GRE) Agreste Centro Norte, novas delegacias e investimentos em barragens e dessaliniza\u00e7\u00e3o de \u00e1gua para ampliar o abastecimento no Agreste.<\/p>\n<p>\u201cChegamos a Caruaru para anunciar cerca de R$ 300 milh\u00f5es em obras que v\u00e3o beneficiar a popula\u00e7\u00e3o do Agreste Central. Por exemplo, em R$ 110 milh\u00f5es para a obra do Hospital Regional do Agreste, que vai levar mais dignidade para as pessoas. Tamb\u00e9m ter\u00e3o mais de 20 quil\u00f4metros de estradas garantidos, reformas nas escolas para que os alunos, professores e comunidade tenham melhores condi\u00e7\u00f5es, al\u00e9m de constru\u00e7\u00e3o de novas delegacias. Estamos assinando documentos que v\u00e3o virar objeto de trabalho, entrega, obra e servi\u00e7o para a popula\u00e7\u00e3o do nosso Estado\u201d, ressaltou a governadora Raquel Lyra.<\/p>\n<p>SA\u00daDE &#8211; Na \u00e1rea da sa\u00fade, os investimentos contemplaram a assinatura de termos aditivos para aquisi\u00e7\u00e3o de equipamentos hospitalares destinados \u00e0 UPA Caruaru, ao Hospital S\u00e3o Sebasti\u00e3o e \u00e0 UPAE Caruaru. Tamb\u00e9m foi autorizada a amplia\u00e7\u00e3o do servi\u00e7o de hemodin\u00e2mica do Hospital Mestre Vitalino e a manuten\u00e7\u00e3o predial do Hospital Regional do Agreste, que ainda passar\u00e1 por uma ampla reforma e amplia\u00e7\u00e3o, num investimento de R$ 110 milh\u00f5es.<\/p>\n<p>&#8220;Vamos ter diversos investimentos importantes para unidades de sa\u00fade na regi\u00e3o e a reforma, com expans\u00e3o, do Hospital Regional do Agreste, que vai ganhar cerca de 200 leitos&#8221;, celebrou a secret\u00e1ria de Sa\u00fade, Zilda Cavalcanti.<\/p>\n<p>EDUCA\u00c7\u00c3O &#8211; A governadora autorizou o projeto de requalifica\u00e7\u00e3o, reforma e amplia\u00e7\u00e3o de 61 escolas estaduais da GRE Agreste Centro Norte. Tamb\u00e9m assinou ordem de servi\u00e7o para a constru\u00e7\u00e3o da Escola de Refer\u00eancia em Ensino M\u00e9dio (EREM) de Xique-Xique, em Caruaru, e autorizou a constru\u00e7\u00e3o de duas novas Escolas T\u00e9cnicas, em Caruaru e Pesqueira.<\/p>\n<p>&#8220;Teremos escolas requalificadas e climatiza\u00e7\u00e3o em todas elas at\u00e9 o final deste ano. Isso \u00e9 s\u00f3 o come\u00e7o de muita coisa boa que a educa\u00e7\u00e3o est\u00e1 trazendo para o Estado de Pernambuco\u201d, disse o secret\u00e1rio de Educa\u00e7\u00e3o, Gilson Monteiro.<\/p>\n<p>SEGURAN\u00c7A &#8211; Foram autorizadas novas estruturas do Juntos pela Seguran\u00e7a, incluindo a constru\u00e7\u00e3o de delegacias em Riacho das Almas, Panelas, Bonito e Bezerros, a implanta\u00e7\u00e3o da Se\u00e7\u00e3o do Corpo de Bombeiros de Bonito e a constru\u00e7\u00e3o do novo Batalh\u00e3o da Pol\u00edcia Militar em Bezerros.<\/p>\n<p>&#8220;Somando essas a\u00e7\u00f5es, o total investido ultrapassa R$ 27 milh\u00f5es, destinados \u00e0 melhoria da seguran\u00e7a p\u00fablica na regi\u00e3o, com o objetivo de oferecer melhor atendimento \u00e0 popula\u00e7\u00e3o, garantir melhores condi\u00e7\u00f5es de trabalho para os profissionais da \u00e1rea e continuar reduzindo os \u00edndices de criminalidade\u201d, afirmou o secret\u00e1rio de Defesa Social, Alessandro Carvalho.<\/p>\n<p>RECURSOS H\u00cdDRICOS &#8211; Foi assinada a licita\u00e7\u00e3o de recupera\u00e7\u00e3o da Barragem Amora Grande, em Gravat\u00e1 e Ch\u00e3 Grande. Al\u00e9m disso, a governadora assinou a ordem de servi\u00e7o de R$ 4 milh\u00f5es para a instala\u00e7\u00e3o de 20 sistemas de dessaliniza\u00e7\u00e3o de \u00e1gua, beneficiando munic\u00edpios como Caruaru, Bezerros, Alagoinha, Gravat\u00e1, Riacho das Almas, Belo Jardim, Pesqueira e Sanhar\u00f3.<\/p>\n<p>MOBILIDADE &#8211; Na mobilidade, foi autorizada a licita\u00e7\u00e3o para a restaura\u00e7\u00e3o da PE-180, em um trecho de 21,82 quil\u00f4metros entre Belo Jardim e S\u00e3o Bento do Una, e a publica\u00e7\u00e3o do edital para a execu\u00e7\u00e3o da restaura\u00e7\u00e3o do pavimento de 7,8 quil\u00f4metros da PE-071, no trecho entre a BR-232 de Gravat\u00e1 a Ch\u00e3 Grande.<\/p>\n<p>Representando os prefeitos da regi\u00e3o, Padre Joselito, de Gravat\u00e1, enalteceu as a\u00e7\u00f5es do Governo do Estado. &#8220;Quem tem a capacidade de ouvir, aprende mais, acerta mais e erra menos. O Governo de Pernambuco vem fazendo acontecer\u201d, disse.<\/p>\n<p>Esta foi a oitava escuta do Ouvir para Mudar feita neste ano. \u201cAqui em Caruaru, tudo que foi demandado l\u00e1 atr\u00e1s, n\u00f3s j\u00e1 estamos cumprindo. Al\u00e9m disso, muitas rodovias no entorno de Caruaru foram recuperadas e, na \u00e1rea da primeira inf\u00e2ncia, j\u00e1 temos quatro creches sendo constru\u00eddas na cidade\u201d, frisou o secret\u00e1rio de Planejamento, Gest\u00e3o e Desenvolvimento Regional, Fabricio Marques.<\/p>\n<p>\u201cPernambuco tem creche, cozinha comunit\u00e1ria, quase mil \u00f4nibus entregues. Foi anunciado aqui o investimento na sa\u00fade para o Hospital Regional do Agreste, que \u00e9 muito importante. Parab\u00e9ns pelo compromisso do Governo do Estado\u201d, comentou o deputado estadual Jo\u00e3ozinho Ten\u00f3rio.<\/p>\n<p>A participa\u00e7\u00e3o popular \u00e9 uma das bases do Ouvir para Mudar. Para a estudante Maria Ramos, \u00e9 poss\u00edvel ver os resultados em todas as partes. \u201cO trabalho do Governo de Pernambuco se caracteriza pela busca da justi\u00e7a, igualdade e compromisso com a sociedade, especialmente com a educa\u00e7\u00e3o\u201d, registrou.<\/p>\n<p>Confira todas as assinaturas feitas durante o Ouvir para Mudar em Caruaru:<\/p>\n<p>*DESENVOLVIMENTO URBANO E HABITA\u00c7\u00c3O*<\/p>\n<p>&#8211; Assinatura de autoriza\u00e7\u00e3o de licita\u00e7\u00e3o para extens\u00e3o do sistema de ilumina\u00e7\u00e3o p\u00fablica da BR-232 no munic\u00edpio de Pombos &#8211; 9\u00aa etapa do Ilumina PE.<\/p>\n<p>*SEGURAN\u00c7A*<\/p>\n<p>&#8211; Assinatura de autoriza\u00e7\u00e3o de licita\u00e7\u00e3o para constru\u00e7\u00e3o da Delegacia de Riacho das Almas.<br \/>\n&#8211; Assinatura de autoriza\u00e7\u00e3o de licita\u00e7\u00e3o para Constru\u00e7\u00e3o da Delegacia de Panelas.<br \/>\n&#8211; Assinatura de autoriza\u00e7\u00e3o de licita\u00e7\u00e3o para constru\u00e7\u00e3o da Delegacia de Bonito.<br \/>\n&#8211; Assinatura de autoriza\u00e7\u00e3o de licita\u00e7\u00e3o para constru\u00e7\u00e3o da Delegacia de Bezerros.<br \/>\n&#8211; Assinatura de autoriza\u00e7\u00e3o de licita\u00e7\u00e3o para constru\u00e7\u00e3o da Se\u00e7\u00e3o do Corpo de Bombeiros de Bonito.<br \/>\n&#8211; Assinatura de autoriza\u00e7\u00e3o de licita\u00e7\u00e3o para constru\u00e7\u00e3o do Batalh\u00e3o da Pol\u00edcia Militar de Bezerros.<\/p>\n<p>*MOBILIDADE E INFRAESTRUTURA*<\/p>\n<p>&#8211; Assinatura de Autoriza\u00e7\u00e3o de licita\u00e7\u00e3o para obra de restaura\u00e7\u00e3o da PE-180, trecho de 21,82 km entre o entroncamento da BR-232 em Belo Jardim e a PE-193 em S\u00e3o Bento do Una.<br \/>\n&#8211; \u2060Autoriza\u00e7\u00e3o para exerc\u00edcio de obras e servi\u00e7os de engenharia para a restaura\u00e7\u00e3o do pavimento da PE-071, no trecho entre a BR-232, em Gravat\u00e1 \u00e0 Ch\u00e3 Grande<\/p>\n<p>*RECURSOS H\u00cdDRICOS E SANEAMENTO*<\/p>\n<p>&#8211; Assinatura de Ordem de Servi\u00e7o para Recupera\u00e7\u00e3o da Barragem Amora Grande em Gravat\u00e1 e Ch\u00e3 Grande.<br \/>\n&#8211; Assinatura de autoriza\u00e7\u00e3o de licita\u00e7\u00e3o para Adequa\u00e7\u00e3o da ETA Bezerros para Recebimento da Adutora do Agreste.<br \/>\n&#8211; Assinatura de autoriza\u00e7\u00e3o de licita\u00e7\u00e3o para Implanta\u00e7\u00e3o de Esta\u00e7\u00e3o Elevat\u00f3ria e Adutora para Melhoria do Abastecimento de \u00c1gua no munic\u00edpio de S\u00e3o Bento do Una.<br \/>\n&#8211; Assinatura de autoriza\u00e7\u00e3o de licita\u00e7\u00e3o para a realiza\u00e7\u00e3o da obra de Melhoria da ETA S\u00e3o Caetano para Incremento da Vaz\u00e3o da Adutora do Agreste.<br \/>\n&#8211; Assinatura de Ordem de Servi\u00e7o para contrata\u00e7\u00e3o de empresa de engenharia para execu\u00e7\u00e3o de servi\u00e7os de fornecimento, instala\u00e7\u00e3o e manuten\u00e7\u00e3o durante 12 meses de 20 sistemas de dessaliniza\u00e7\u00e3o de \u00e1gua, nos munic\u00edpios de Caruaru, Bezerros, Alagoinha, Gravat\u00e1, Riacho das Almas, Belo Jardim, Pesqueira e Sanhar\u00f3.<br \/>\n&#8211; Assinatura de Ordem de Servi\u00e7o para Aquisi\u00e7\u00e3o e Instala\u00e7\u00e3o da Esta\u00e7\u00e3o de Tratamento de \u00c1gua de Ultrafiltra\u00e7\u00e3o \u2013 50 L\/S em S\u00e3o Caitano<br \/>\n&#8211; Assinatura de Ordem de Servi\u00e7o para Aquisi\u00e7\u00e3o e Instala\u00e7\u00e3o da Esta\u00e7\u00e3o de Tratamento de \u00c1gua de Ultrafiltra\u00e7\u00e3o \u2013 100 L\/S, em S\u00e3o Bento do Una.<\/p>\n<p>*EDUCA\u00c7\u00c3O*<\/p>\n<p>&#8211; Autoriza\u00e7\u00e3o de projeto para requalifica\u00e7\u00e3o, reforma e amplia\u00e7\u00e3o das 61 escolas estaduais que comp\u00f5em a GRE Agreste Centro Norte.<br \/>\n&#8211; Assinatura de Ordem de Servi\u00e7o para Constru\u00e7\u00e3o da EREM de Xique-Xique no Munic\u00edpio de Caruaru.<br \/>\n&#8211; Assinatura de autoriza\u00e7\u00e3o de licita\u00e7\u00e3o para constru\u00e7\u00e3o da Escola T\u00e9cnica de Caruaru.<br \/>\n&#8211; Assinatura de autoriza\u00e7\u00e3o de licita\u00e7\u00e3o para constru\u00e7\u00e3o da Escola T\u00e9cnica de Pesqueira.<\/p>\n<p>*SA\u00daDE*<\/p>\n<p>&#8211; Assinatura de Termo Aditivo para a aquisi\u00e7\u00e3o de equipamentos hospitalares para a UPA Caruaru, como digitalizador de imagens radiogr\u00e1ficas, ventiladores, camas e ber\u00e7os.<br \/>\n&#8211; Assinatura de Termo Aditivo para Aquisi\u00e7\u00e3o de Equipamentos hospitalares para o Hospital S\u00e3o Sebasti\u00e3o, como camas, ventiladores e c\u00e2mara fria.<br \/>\n&#8211; Assinatura de Termo Aditivo para aquisi\u00e7\u00e3o de parque tecnol\u00f3gico para a Unidade Pernambucana de Aten\u00e7\u00e3o Especializada &#8211; UPAE Caruaru, incluindo microsc\u00f3pio cir\u00fargico, ultrassom, sistema de v\u00eddeo endoscopia flex\u00edvel, dentre outros.<br \/>\n&#8211; Assinatura de Termo Aditivo para amplia\u00e7\u00e3o do servi\u00e7o de Hemodin\u00e2mica para procedimentos cardiovasculares no Hospital Mestre Vitalino Pereira dos Santos (HMV).<br \/>\n&#8211; Assinatura de Ordem de Servi\u00e7o para Manuten\u00e7\u00e3o Predial, preventiva e corretiva do Hospital Regional do Agreste em Caruaru.<br \/>\n&#8211; Assinatura de autoriza\u00e7\u00e3o de licita\u00e7\u00e3o para reforma e amplia\u00e7\u00e3o do Hospital Regional do Agreste.<\/p>\n<p>Estiveram presentes no evento os secret\u00e1rios estaduais Andr\u00e9 Teixeira Filho (Mobilidade e Infraestrutura), T\u00falio Vila\u00e7a (Casa Civil), Almir Cirilo (Recursos H\u00eddricos e Saneamento), Guilherme Cavalcanti (Desenvolvimento Econ\u00f4mico), Simone Nunes (Desenvolvimento Urbano e Habita\u00e7\u00e3o), C\u00edcero Moraes (Desenvolvimento Agr\u00e1rio, Agricultura, Pecu\u00e1ria e Pesca), Ana Mara\u00edza (Administra\u00e7\u00e3o), Carlos Braga (Assist\u00eancia Social, Combate \u00e0 Fome e Pol\u00edticas sobre Drogas), Joanna Figueir\u00eado (Justi\u00e7a, Direitos Humanos e Preven\u00e7\u00e3o \u00e0 Viol\u00eancia), Juliana Gouveia (Mulher), Yanne Teles (Crian\u00e7a e Juventude), Ivete Lacerda (Esportes), Mauric\u00e9lia Montenegro (Ci\u00eancia, Tecnologia e Inova\u00e7\u00e3o), Kaio Mani\u00e7oba (Turismo e Lazer), Daniel Coelho (Meio Ambiente, Sustentabilidade e Fernando de Noronha), Eduardo Vieira (Gabinete), Erika Lacet (Controladoria Geral do Estado), Rodrigo Ribeiro (Projetos Estrat\u00e9gicos), Jo\u00e3o Salles (Assessoria Especial \u00e0 Governadora e Rela\u00e7\u00f5es Internacionais), Paulo Paes (Administra\u00e7\u00e3o Penitenci\u00e1ria e Ressocializa\u00e7\u00e3o) e o Coronel Herc\u00edlio Mamede (Casa Militar).<\/p>\n<p>Tamb\u00e9m compareceram os deputados estaduais Joaquim Lira e Claudiano Martins; os prefeitos Gilvandro Estrela (Belo Jardim), Lucielle Laurentino (Bezerros), Roberto Asfora (Brejo da Madre de Deus), Dra. K\u00e1tia (Jata\u00faba), Beto do Sargento (Bel\u00e9m de Maria), Di\u00f3 Filho (Riacho das Almas), Duguinha (S\u00e3o Joaquim do Monte), Elias (Pombos), Diogo (Barra de Guabiraba), Cesar Freitas (Sanhar\u00f3), Sandro (Ch\u00e3 Grande) e Izalta (Ibirajuba); al\u00e9m de outras autoridades locais.<\/p>\n<p>Representando \u00f3rg\u00e3os estaduais, estiveram Carlos Porto (Arpe), Jos\u00e9 Anchieta (CPRH), Paulo Lira (Cehab), Wagner Bezerra (Pol\u00edcia Cient\u00edfica), Eduardo Loyo (Empetur), Rivaldo Melo (DER), Francisco Amaral (Perpart), Douglas N\u00f3brega (Compesa, representando Alex Campos) e Rubens J\u00fanior (Coperg\u00e1s).<\/p>\n<p>Foto de capa: Ed Machado\/Seplag<\/p>\n<p>Siga o Instagram do Blog e comente pelo @blogdoedvaldomagalhaes<\/p>\n<p><img loading=\"lazy\" decoding=\"async\" src=\"https:\/\/blogdoedvaldomagalhaes.com.br\/wp-content\/uploads\/2025\/08\/img-20250822-wa0128442526194490592874.jpg\" class=\"wp-image-122237 alignnone size-full\" width=\"1280\" height=\"852\" srcset=\"https:\/\/blogdoedvaldomagalhaes.com.br\/wp-content\/uploads\/2025\/08\/img-20250822-wa0128442526194490592874.jpg 1280w, https:\/\/blogdoedvaldomagalhaes.com.br\/wp-content\/uploads\/2025\/08\/img-20250822-wa0128442526194490592874-300x200.jpg 300w, https:\/\/blogdoedvaldomagalhaes.com.br\/wp-content\/uploads\/2025\/08\/img-20250822-wa0128442526194490592874-1024x682.jpg 1024w, https:\/\/blogdoedvaldomagalhaes.com.br\/wp-content\/uploads\/2025\/08\/img-20250822-wa0128442526194490592874-768x511.jpg 768w\" sizes=\"auto, (max-width: 1280px) 100vw, 1280px\" \/><\/p>\n<p>Foros: Jana\u00edna Pepeu\/Secom<\/p>\n","protected":false},"excerpt":{"rendered":"<p>Em mais uma rodada do Ouvir para Mudar, desta vez realizada em Caruaru, nesta sexta-feira (22), a governadora Raquel Lyra&hellip;<\/p>\n","protected":false},"author":1,"featured_media":122235,"comment_status":"closed","ping_status":"open","sticky":false,"template":"","format":"standard","meta":{"footnotes":""},"categories":[14122],"tags":[29440,27410,2,28801,34477,34476,20],"class_list":["post-122234","post","type-post","status-publish","format-standard","has-post-thumbnail","hentry","category-politica","tag-blog-com-mais-visualizacao","tag-blog-de-caruaru","tag-blog-do-edvaldo-magalhaes","tag-blog-mais-acessado","tag-governadora-raquel-lyra-anuncia-investimentos-no-hospital-regional","tag-ouvir-para-mudar-em-caruaru","tag-politica"],"_links":{"self":[{"href":"https:\/\/blogdoedvaldomagalhaes.com.br\/index.php\/wp-json\/wp\/v2\/posts\/122234","targetHints":{"allow":["GET"]}}],"collection":[{"href":"https:\/\/blogdoedvaldomagalhaes.com.br\/index.php\/wp-json\/wp\/v2\/posts"}],"about":[{"href":"https:\/\/blogdoedvaldomagalhaes.com.br\/index.php\/wp-json\/wp\/v2\/types\/post"}],"author":[{"embeddable":true,"href":"https:\/\/blogdoedvaldomagalhaes.com.br\/index.php\/wp-json\/wp\/v2\/users\/1"}],"replies":[{"embeddable":true,"href":"https:\/\/blogdoedvaldomagalhaes.com.br\/index.php\/wp-json\/wp\/v2\/comments?post=122234"}],"version-history":[{"count":2,"href":"https:\/\/blogdoedvaldomagalhaes.com.br\/index.php\/wp-json\/wp\/v2\/posts\/122234\/revisions"}],"predecessor-version":[{"id":122238,"href":"https:\/\/blogdoedvaldomagalhaes.com.br\/index.php\/wp-json\/wp\/v2\/posts\/122234\/revisions\/122238"}],"wp:featuredmedia":[{"embeddable":true,"href":"https:\/\/blogdoedvaldomagalhaes.com.br\/index.php\/wp-json\/wp\/v2\/media\/122235"}],"wp:attachment":[{"href":"https:\/\/blogdoedvaldomagalhaes.com.br\/index.php\/wp-json\/wp\/v2\/media?parent=122234"}],"wp:term":[{"taxonomy":"category","embeddable":true,"href":"https:\/\/blogdoedvaldomagalhaes.com.br\/index.php\/wp-json\/wp\/v2\/categories?post=122234"},{"taxonomy":"post_tag","embeddable":true,"href":"https:\/\/blogdoedvaldomagalhaes.com.br\/index.php\/wp-json\/wp\/v2\/tags?post=122234"}],"curies":[{"name":"wp","href":"https:\/\/api.w.org\/{rel}","templated":true}]}}