{"id":122224,"date":"2025-08-22T13:35:45","date_gmt":"2025-08-22T16:35:45","guid":{"rendered":"https:\/\/blogdoedvaldomagalhaes.com.br\/?p=122224"},"modified":"2025-08-22T13:35:45","modified_gmt":"2025-08-22T16:35:45","slug":"feira-do-bairro-boa-vista-tera-servicos-de-saude-orientacoes-financeiras-e-juridicas-gratis-nestes-sabado-24-e-domingo-25","status":"publish","type":"post","link":"https:\/\/blogdoedvaldomagalhaes.com.br\/index.php\/2025\/08\/22\/feira-do-bairro-boa-vista-tera-servicos-de-saude-orientacoes-financeiras-e-juridicas-gratis-nestes-sabado-24-e-domingo-25\/","title":{"rendered":"Feira do bairro Boa Vista ter\u00e1 servi\u00e7os de sa\u00fade, orienta\u00e7\u00f5es financeiras e jur\u00eddicas gr\u00e1tis, nestes s\u00e1bado (24) e domingo (25)"},"content":{"rendered":"<p>A Secretaria de Servi\u00e7os P\u00fablicos de Caruaru (Sesp), realiza neste s\u00e1bado (24) e domingo (25), das 8h \u00e0s 12h, uma programa\u00e7\u00e3o especial na Feira Livre da Boa Vista, em comemora\u00e7\u00e3o ao Dia do Feirante. Durante os dois dias, ser\u00e3o oferecidos servi\u00e7os gratuitos de sa\u00fade, orienta\u00e7\u00f5es financeiras e jur\u00eddicas, em parceria com institui\u00e7\u00f5es.<\/p>\n<p>Atualmente, Caruaru conta com 19 feiras livres distribu\u00eddas entre a zona urbana e a rural, movimentando mais de 4 mil feirantes cadastrados na Sesp. Al\u00e9m das feiras que acontecem no entorno do Parque 18 de Maio e a Feira da Agricultura Familiar, que tamb\u00e9m garantem o abastecimento de frutas, verduras e diversos produtos para centenas de fam\u00edlias.<\/p>\n<p>\u201cO feirante \u00e9 parte da identidade de Caruaru. Al\u00e9m de sustentar suas fam\u00edlias, eles ajudam a abastecer a cidade e a manter a tradi\u00e7\u00e3o das feiras. Nosso papel \u00e9 reconhecer e valorizar esses trabalhadores que s\u00e3o essenciais para todos\u201d, ressalta o secret\u00e1rio de Servi\u00e7os P\u00fablicos, Vital\u00a0Flor\u00eancio.<br \/>\nSiga o Instagram do Blog pelo @blogdoedvaldomagalhaes<\/p>\n","protected":false},"excerpt":{"rendered":"<p>A Secretaria de Servi\u00e7os P\u00fablicos de Caruaru (Sesp), realiza neste s\u00e1bado (24) e domingo (25), das 8h \u00e0s 12h, uma&hellip;<\/p>\n","protected":false},"author":1,"featured_media":122225,"comment_status":"closed","ping_status":"open","sticky":false,"template":"","format":"standard","meta":{"footnotes":""},"categories":[14120],"tags":[29440,27410,13146,28801,3406,34473],"class_list":["post-122224","post","type-post","status-publish","format-standard","has-post-thumbnail","hentry","category-noticias","tag-blog-com-mais-visualizacao","tag-blog-de-caruaru","tag-blog-edvaldo-magalhaes","tag-blog-mais-acessado","tag-caruaru","tag-feira-do-bairro-boa-vista"],"_links":{"self":[{"href":"https:\/\/blogdoedvaldomagalhaes.com.br\/index.php\/wp-json\/wp\/v2\/posts\/122224","targetHints":{"allow":["GET"]}}],"collection":[{"href":"https:\/\/blogdoedvaldomagalhaes.com.br\/index.php\/wp-json\/wp\/v2\/posts"}],"about":[{"href":"https:\/\/blogdoedvaldomagalhaes.com.br\/index.php\/wp-json\/wp\/v2\/types\/post"}],"author":[{"embeddable":true,"href":"https:\/\/blogdoedvaldomagalhaes.com.br\/index.php\/wp-json\/wp\/v2\/users\/1"}],"replies":[{"embeddable":true,"href":"https:\/\/blogdoedvaldomagalhaes.com.br\/index.php\/wp-json\/wp\/v2\/comments?post=122224"}],"version-history":[{"count":1,"href":"https:\/\/blogdoedvaldomagalhaes.com.br\/index.php\/wp-json\/wp\/v2\/posts\/122224\/revisions"}],"predecessor-version":[{"id":122226,"href":"https:\/\/blogdoedvaldomagalhaes.com.br\/index.php\/wp-json\/wp\/v2\/posts\/122224\/revisions\/122226"}],"wp:featuredmedia":[{"embeddable":true,"href":"https:\/\/blogdoedvaldomagalhaes.com.br\/index.php\/wp-json\/wp\/v2\/media\/122225"}],"wp:attachment":[{"href":"https:\/\/blogdoedvaldomagalhaes.com.br\/index.php\/wp-json\/wp\/v2\/media?parent=122224"}],"wp:term":[{"taxonomy":"category","embeddable":true,"href":"https:\/\/blogdoedvaldomagalhaes.com.br\/index.php\/wp-json\/wp\/v2\/categories?post=122224"},{"taxonomy":"post_tag","embeddable":true,"href":"https:\/\/blogdoedvaldomagalhaes.com.br\/index.php\/wp-json\/wp\/v2\/tags?post=122224"}],"curies":[{"name":"wp","href":"https:\/\/api.w.org\/{rel}","templated":true}]}}