{"id":122213,"date":"2025-08-21T22:06:50","date_gmt":"2025-08-22T01:06:50","guid":{"rendered":"https:\/\/blogdoedvaldomagalhaes.com.br\/?p=122213"},"modified":"2025-08-21T22:06:50","modified_gmt":"2025-08-22T01:06:50","slug":"caruaru-podera-ter-programa-municipal-de-diagnostico-precoce-da-fibromialgia","status":"publish","type":"post","link":"https:\/\/blogdoedvaldomagalhaes.com.br\/index.php\/2025\/08\/21\/caruaru-podera-ter-programa-municipal-de-diagnostico-precoce-da-fibromialgia\/","title":{"rendered":"Caruaru poder\u00e1 ter Programa Municipal de Diagn\u00f3stico Precoce da Fibromialgia"},"content":{"rendered":"<p>_Uma audi\u00eancia p\u00fablica ser\u00e1 realizada em breve para ouvir a sociedade sobre a pauta_<\/p>\n<p>O vereador Professor Jorge Quintino (PODE) enviou \u00e0 C\u00e2mara Municipal de Caruaru um anteprojeto de lei que cria o Programa Municipal de Diagn\u00f3stico Precoce da Fibromialgia. A iniciativa tem como objetivo garantir maior agilidade na identifica\u00e7\u00e3o da s\u00edndrome, ampliar o acompanhamento multiprofissional dos pacientes e promover campanhas de conscientiza\u00e7\u00e3o sobre a doen\u00e7a.<\/p>\n<p>De acordo com a proposta, o programa ser\u00e1 executado pela Secretaria Municipal de Sa\u00fade, em conformidade com as diretrizes do SUS, e tamb\u00e9m prev\u00ea parcerias com o Governo do Estado e institui\u00e7\u00f5es de sa\u00fade para fortalecer os atendimentos.<\/p>\n<p>Al\u00e9m disso ser\u00e1 realizada, em breve, uma audi\u00eancia p\u00fablica aberta \u00e0 sociedade civil. O encontro deve reunir especialistas, autoridades, pacientes e familiares para discutir medidas que possam melhorar a qualidade de vida das pessoas com fibromialgia em Caruaru.<\/p>\n<p>Reconhecido por sua atua\u00e7\u00e3o na defesa dessa causa, o vereador Jorge Quintino, j\u00e1 apresentou outros projetos voltados ao tema, e para ele  a nova proposta representa um avan\u00e7o importante.<\/p>\n<p>\u201cEstamos falando de uma doen\u00e7a que impacta profundamente a vida de milhares de pessoas. Nosso compromisso \u00e9 ampliar o acesso ao diagn\u00f3stico e ao tratamento adequado, garantindo dignidade e inclus\u00e3o\u201d, afirmou o vereador.<\/p>\n<p>A proposta agora segue para an\u00e1lise e vota\u00e7\u00e3o na C\u00e2mara Municipal. Foto: Divulga\u00e7\u00e3o<br \/>\nSiga o Instagram do Blog e comente pelo @blogdoedvaldomagalhaes<\/p>\n","protected":false},"excerpt":{"rendered":"<p>_Uma audi\u00eancia p\u00fablica ser\u00e1 realizada em breve para ouvir a sociedade sobre a pauta_ O vereador Professor Jorge Quintino (PODE)&hellip;<\/p>\n","protected":false},"author":1,"featured_media":122214,"comment_status":"closed","ping_status":"open","sticky":false,"template":"","format":"standard","meta":{"footnotes":""},"categories":[14122],"tags":[29440,27410,2,28801,34467,20],"class_list":["post-122213","post","type-post","status-publish","format-standard","has-post-thumbnail","hentry","category-politica","tag-blog-com-mais-visualizacao","tag-blog-de-caruaru","tag-blog-do-edvaldo-magalhaes","tag-blog-mais-acessado","tag-caruaru-podera-ter-programa-municipal-de-diagnostico-precoce-da-fibromialgia","tag-politica"],"_links":{"self":[{"href":"https:\/\/blogdoedvaldomagalhaes.com.br\/index.php\/wp-json\/wp\/v2\/posts\/122213","targetHints":{"allow":["GET"]}}],"collection":[{"href":"https:\/\/blogdoedvaldomagalhaes.com.br\/index.php\/wp-json\/wp\/v2\/posts"}],"about":[{"href":"https:\/\/blogdoedvaldomagalhaes.com.br\/index.php\/wp-json\/wp\/v2\/types\/post"}],"author":[{"embeddable":true,"href":"https:\/\/blogdoedvaldomagalhaes.com.br\/index.php\/wp-json\/wp\/v2\/users\/1"}],"replies":[{"embeddable":true,"href":"https:\/\/blogdoedvaldomagalhaes.com.br\/index.php\/wp-json\/wp\/v2\/comments?post=122213"}],"version-history":[{"count":1,"href":"https:\/\/blogdoedvaldomagalhaes.com.br\/index.php\/wp-json\/wp\/v2\/posts\/122213\/revisions"}],"predecessor-version":[{"id":122215,"href":"https:\/\/blogdoedvaldomagalhaes.com.br\/index.php\/wp-json\/wp\/v2\/posts\/122213\/revisions\/122215"}],"wp:featuredmedia":[{"embeddable":true,"href":"https:\/\/blogdoedvaldomagalhaes.com.br\/index.php\/wp-json\/wp\/v2\/media\/122214"}],"wp:attachment":[{"href":"https:\/\/blogdoedvaldomagalhaes.com.br\/index.php\/wp-json\/wp\/v2\/media?parent=122213"}],"wp:term":[{"taxonomy":"category","embeddable":true,"href":"https:\/\/blogdoedvaldomagalhaes.com.br\/index.php\/wp-json\/wp\/v2\/categories?post=122213"},{"taxonomy":"post_tag","embeddable":true,"href":"https:\/\/blogdoedvaldomagalhaes.com.br\/index.php\/wp-json\/wp\/v2\/tags?post=122213"}],"curies":[{"name":"wp","href":"https:\/\/api.w.org\/{rel}","templated":true}]}}