{"id":122207,"date":"2025-08-21T21:13:59","date_gmt":"2025-08-22T00:13:59","guid":{"rendered":"https:\/\/blogdoedvaldomagalhaes.com.br\/?p=122207"},"modified":"2025-08-21T21:13:59","modified_gmt":"2025-08-22T00:13:59","slug":"anderson-correia-solicita-a-amc-criacao-de-refis-para-regularizar-debitos-e-evitar-penalidades-aos-mototaxistas-em-caruaru","status":"publish","type":"post","link":"https:\/\/blogdoedvaldomagalhaes.com.br\/index.php\/2025\/08\/21\/anderson-correia-solicita-a-amc-criacao-de-refis-para-regularizar-debitos-e-evitar-penalidades-aos-mototaxistas-em-caruaru\/","title":{"rendered":"Anderson Correia solicita \u00e0 AMC cria\u00e7\u00e3o de Refis para regularizar d\u00e9bitos e evitar penalidades aos mototaxistas em Caruaru"},"content":{"rendered":"<p>O vereador Anderson Correia (PP) protocolou requerimento solicitando que a Autarquia de Mobilidade de Caruaru (AMC) elabore e encaminhe \u00e0 C\u00e2mara Municipal um Anteprojeto de Lei para instituir um Programa de Recupera\u00e7\u00e3o Fiscal (Refis) voltado aos mototaxistas do munic\u00edpio.<\/p>\n<p>O objetivo da proposta \u00e9 possibilitar que os profissionais regularizem seus d\u00e9bitos junto \u00e0 Administra\u00e7\u00e3o P\u00fablica, evitando penalidades previstas no Artigo 25 da Lei Municipal n\u00ba 5.120\/2011, alterada pela Lei n\u00ba 7.356\/2025, que prev\u00ea a cassa\u00e7\u00e3o da concess\u00e3o em casos de descumprimento de exig\u00eancias como a realiza\u00e7\u00e3o de vistorias por dois anos consecutivos.<\/p>\n<p>Correia destacou a import\u00e2ncia dos mototaxistas para a mobilidade urbana, principalmente em \u00e1reas n\u00e3o atendidas de forma satisfat\u00f3ria pelo transporte coletivo. \u201cOs mototaxistas prestam um servi\u00e7o essencial \u00e0 popula\u00e7\u00e3o, mas muitos est\u00e3o em situa\u00e7\u00e3o de inadimpl\u00eancia que compromete sua atividade. Um Refis espec\u00edfico dar\u00e1 condi\u00e7\u00f5es mais justas para que eles regularizem seus d\u00e9bitos e continuem trabalhando de forma legalizada\u201d, afirmou o parlamentar.<\/p>\n<p>Atualmente, parte significativa da categoria enfrenta dificuldades financeiras que inviabilizam a regulariza\u00e7\u00e3o das permiss\u00f5es, gerando um c\u00edrculo vicioso: sem quitar d\u00e9bitos, n\u00e3o conseguem realizar vistorias; sem vistorias, ficam sujeitos \u00e0 perda da concess\u00e3o. Com a cria\u00e7\u00e3o de um programa de refinanciamento de d\u00edvidas, os mototaxistas teriam acesso a prazos mais longos e descontos adequados \u00e0 realidade econ\u00f4mica da categoria. \u201cNosso compromisso \u00e9 garantir seguran\u00e7a jur\u00eddica para esses trabalhadores e, ao mesmo tempo, fortalecer a mobilidade urbana de Caruaru\u201d, refor\u00e7ou Correia.<br \/>\nSiga o Instagram do Blog pelo @blogdoedvaldomagalhaes<br \/>\nFoto: Divulga\u00e7\u00e3o <\/p>\n","protected":false},"excerpt":{"rendered":"<p>O vereador Anderson Correia (PP) protocolou requerimento solicitando que a Autarquia de Mobilidade de Caruaru (AMC) elabore e encaminhe \u00e0&hellip;<\/p>\n","protected":false},"author":1,"featured_media":122211,"comment_status":"closed","ping_status":"open","sticky":false,"template":"","format":"standard","meta":{"footnotes":""},"categories":[14122],"tags":[34466,29440,27410,13146,28801,20],"class_list":["post-122207","post","type-post","status-publish","format-standard","has-post-thumbnail","hentry","category-politica","tag-anderson-correia-solicita-a-amc-criacao-de-refis-para-regularizar-debitos-e-evitar-penalidades-aos-mototaxistas-em-caruaru","tag-blog-com-mais-visualizacao","tag-blog-de-caruaru","tag-blog-edvaldo-magalhaes","tag-blog-mais-acessado","tag-politica"],"_links":{"self":[{"href":"https:\/\/blogdoedvaldomagalhaes.com.br\/index.php\/wp-json\/wp\/v2\/posts\/122207","targetHints":{"allow":["GET"]}}],"collection":[{"href":"https:\/\/blogdoedvaldomagalhaes.com.br\/index.php\/wp-json\/wp\/v2\/posts"}],"about":[{"href":"https:\/\/blogdoedvaldomagalhaes.com.br\/index.php\/wp-json\/wp\/v2\/types\/post"}],"author":[{"embeddable":true,"href":"https:\/\/blogdoedvaldomagalhaes.com.br\/index.php\/wp-json\/wp\/v2\/users\/1"}],"replies":[{"embeddable":true,"href":"https:\/\/blogdoedvaldomagalhaes.com.br\/index.php\/wp-json\/wp\/v2\/comments?post=122207"}],"version-history":[{"count":1,"href":"https:\/\/blogdoedvaldomagalhaes.com.br\/index.php\/wp-json\/wp\/v2\/posts\/122207\/revisions"}],"predecessor-version":[{"id":122212,"href":"https:\/\/blogdoedvaldomagalhaes.com.br\/index.php\/wp-json\/wp\/v2\/posts\/122207\/revisions\/122212"}],"wp:featuredmedia":[{"embeddable":true,"href":"https:\/\/blogdoedvaldomagalhaes.com.br\/index.php\/wp-json\/wp\/v2\/media\/122211"}],"wp:attachment":[{"href":"https:\/\/blogdoedvaldomagalhaes.com.br\/index.php\/wp-json\/wp\/v2\/media?parent=122207"}],"wp:term":[{"taxonomy":"category","embeddable":true,"href":"https:\/\/blogdoedvaldomagalhaes.com.br\/index.php\/wp-json\/wp\/v2\/categories?post=122207"},{"taxonomy":"post_tag","embeddable":true,"href":"https:\/\/blogdoedvaldomagalhaes.com.br\/index.php\/wp-json\/wp\/v2\/tags?post=122207"}],"curies":[{"name":"wp","href":"https:\/\/api.w.org\/{rel}","templated":true}]}}