{"id":1222,"date":"2018-09-24T23:25:00","date_gmt":"2018-09-25T02:25:00","guid":{"rendered":"http:\/\/blogdoedvaldomagalhaes.com.br\/index.php\/2018\/09\/24\/confira-programacao-da-semana-naciona\/"},"modified":"2019-02-09T02:32:20","modified_gmt":"2019-02-09T04:32:20","slug":"confira-programacao-da-semana-naciona","status":"publish","type":"post","link":"https:\/\/blogdoedvaldomagalhaes.com.br\/index.php\/2018\/09\/24\/confira-programacao-da-semana-naciona\/","title":{"rendered":"Confira a programa\u00e7\u00e3o da Semana Nacional e Municipal do Idoso"},"content":{"rendered":"<div class=\"separator\" style=\"clear: both; text-align: center;\">\n<a href=\"https:\/\/1.bp.blogspot.com\/-NdUJ4sGBjHA\/W6lxknN7ysI\/AAAAAAAA6mA\/vYzjsI2OMBQNcDGf32AmG5-DIc8-Z-MdACLcBGAs\/s1600\/01.jpg\" imageanchor=\"1\" style=\"margin-left: 1em; margin-right: 1em;\"><img loading=\"lazy\" decoding=\"async\" border=\"0\" data-original-height=\"908\" data-original-width=\"1366\" height=\"424\" src=\"http:\/\/blogdoedvaldomagalhaes.com.br\/wp-content\/uploads\/2018\/09\/01.jpg\" width=\"640\" \/><\/a><\/div>\n<div class=\"separator\" style=\"clear: both; text-align: center;\">\nCr\u00e9ditos: Jana\u00edna Pepeu<\/div>\n<div style=\"text-align: justify;\">\n<\/div>\n<div style=\"text-align: justify;\">\nNesta semana em que antecede o Dia do Idoso, comemorado na pr\u00f3xima segunda-feira, 1\u00ba de outubro, para aqueles que possuem idade igual ou superior a 60 anos, a Prefeitura de Caruaru, atrav\u00e9s da Secretaria de Desenvolvimento Social e Direitos Humanos, estar\u00e1 promovendo diversas a\u00e7\u00f5es alusivas \u00e0 data que marca o dia em que o Estatuto do Idoso entrou em vigor (Lei n\u00ba 10.741\/2003). O cronograma da Semana Nacional e Municipal do Idoso iniciou nesta segunda-feira (24), em Caruaru, com uma palestra sobre alimenta\u00e7\u00e3o saud\u00e1vel e qualidade de vida ministrada pela nutricionista Maria Cristiane Vilela. O cantor Benil proporcionou um momento musical para os participantes que n\u00e3o pouparam energia e entraram na dan\u00e7a.<\/div>\n<div style=\"text-align: justify;\">\n<\/div>\n<div class=\"separator\" style=\"clear: both; text-align: center;\">\n<a href=\"https:\/\/3.bp.blogspot.com\/-_H9OPzyo-G0\/W6lxvvnb1eI\/AAAAAAAA6mE\/KebI8TkNn1sxVplq3AF5f4dEkBVRe3XKQCLcBGAs\/s1600\/02.jpg\" imageanchor=\"1\" style=\"margin-left: 1em; margin-right: 1em;\"><img loading=\"lazy\" decoding=\"async\" border=\"0\" data-original-height=\"908\" data-original-width=\"1366\" height=\"424\" src=\"http:\/\/blogdoedvaldomagalhaes.com.br\/wp-content\/uploads\/2018\/09\/02-1.jpg\" width=\"640\" \/><\/a><\/div>\n<div style=\"text-align: justify;\">\n<\/div>\n<div style=\"text-align: justify;\">\nO r\u00e1pido envelhecimento da popula\u00e7\u00e3o brasileira e o aumento da expectativa de vida para 75 anos deram maior visibilidade ao p\u00fablico idoso, o que exige redefini\u00e7\u00e3o das pol\u00edticas p\u00fablicas. Diante disso, \u00e9 que a coordenadora de Promo\u00e7\u00e3o da Pessoa Idosa, Sonia Ramos, elaborou, com muito carinho, a programa\u00e7\u00e3o especial para esta semana. \u201cA palestra de hoje foi muito bem recebida pelos idosos que se interessaram pelo assunto que tem a ver com a melhoria da qualidade de vida deles. Os participantes j\u00e1 est\u00e3o na expectativa para as demais atividades que ir\u00e3o acontecer no decorrer da semana\u201d, destacou S\u00f4nia.<\/div>\n<div style=\"text-align: justify;\">\n<\/div>\n<div style=\"text-align: justify;\">\n<\/div>\n<div class=\"separator\" style=\"clear: both; text-align: center;\">\n<a href=\"https:\/\/3.bp.blogspot.com\/-j2UBMk2QV34\/W6lx073KHyI\/AAAAAAAA6mI\/d8jR73Gh03EYkQll2SGuUyNMmSLpfikmgCLcBGAs\/s1600\/03.jpeg\" imageanchor=\"1\" style=\"margin-left: 1em; margin-right: 1em;\"><img loading=\"lazy\" decoding=\"async\" border=\"0\" data-original-height=\"960\" data-original-width=\"1280\" height=\"480\" src=\"http:\/\/blogdoedvaldomagalhaes.com.br\/wp-content\/uploads\/2018\/09\/03.jpeg\" width=\"640\" \/><\/a><\/div>\n<p><\/p>\n<div style=\"text-align: justify;\">\n<\/div>\n<div style=\"text-align: justify;\">\nNesta ter\u00e7a-feira (25) as a\u00e7\u00f5es ser\u00e3o concentradas no Marco Zero com informa\u00e7\u00f5es sobre DST\u2019s, distribui\u00e7\u00e3o de preservativos, aferi\u00e7\u00e3o de press\u00e3o, teste de glicemia, fisioterapia e gin\u00e1stica laboral, das 08h \u00e0s 11h. O momento ser\u00e1 tamb\u00e9m para celebrar a vida com a m\u00fasica da Banda Vida Nova, formada por pessoas idosas, que far\u00e1 uma apresenta\u00e7\u00e3o especial. Na quarta-feira (26), vai ser um dia dedicado \u00e0 beleza da terceira idade, com oferecimento de corte de cabelo para homens e mulheres, design de sobrancelha e maquiagem, al\u00e9m de ensaio fotogr\u00e1fico, tudo de gra\u00e7a. Vai ser no Centro de Conviv\u00eancia e Fortalecimento de V\u00ednculos Irm\u00e3 Werburga Schaffrath, aberto ao p\u00fablico idoso, das 08h \u00e0s 12h. A programa\u00e7\u00e3o da semana prev\u00ea tamb\u00e9m a\u00e7\u00f5es em diversos espa\u00e7os e uma tarde dan\u00e7antes no Rotary Sul.<\/div>\n<div style=\"text-align: justify;\">\n<\/div>\n<div style=\"text-align: justify;\">\n<\/div>\n<div class=\"separator\" style=\"clear: both; text-align: center;\">\n<a href=\"https:\/\/4.bp.blogspot.com\/-o70HIPnYlRA\/W6lyDyDDXNI\/AAAAAAAA6mU\/gQr269piVeIPtj9wThLwMnSzWIJmV64dwCLcBGAs\/s1600\/04.jpg\" imageanchor=\"1\" style=\"margin-left: 1em; margin-right: 1em;\"><img loading=\"lazy\" decoding=\"async\" border=\"0\" data-original-height=\"908\" data-original-width=\"1366\" height=\"424\" src=\"http:\/\/blogdoedvaldomagalhaes.com.br\/wp-content\/uploads\/2018\/09\/04.jpg\" width=\"640\" \/><\/a><\/div>\n<p><\/p>\n<div style=\"text-align: justify;\">\n<\/div>\n<div style=\"text-align: justify;\">\nPara Maria Eunice de Albuquerque, secret\u00e1ria executiva do Conselho Municipal dos Direitos do Idoso de Caruaru, o estatuto que completa 15 anos em 2018 trouxe grandes avan\u00e7os. \u201c\u00c9 uma data que deve ser comemorada com grandeza de espirito por toda sociedade brasileira. O estatuto trata de uma s\u00e9rie de compromissos legais que, se cumpridos, dever\u00e3o melhorar o destino da humanidade. Discriminar ou negligenciar a pessoa idosa \u00e9 crime\u201d, frisou dona Eunice.&nbsp;&nbsp;<\/div>\n<div style=\"text-align: justify;\">\n<\/div>\n<div class=\"separator\" style=\"clear: both; text-align: center;\">\n<a href=\"https:\/\/1.bp.blogspot.com\/-fVnWnPLaFX8\/W6lyIb2pAoI\/AAAAAAAA6mc\/nFfWZTgqnMsUH6nv-WGqcL7qXvX_sJKGwCLcBGAs\/s1600\/04.jpeg\" imageanchor=\"1\" style=\"margin-left: 1em; margin-right: 1em;\"><img loading=\"lazy\" decoding=\"async\" border=\"0\" data-original-height=\"1277\" data-original-width=\"1280\" height=\"632\" src=\"http:\/\/blogdoedvaldomagalhaes.com.br\/wp-content\/uploads\/2018\/09\/04.jpeg\" width=\"640\" \/><\/a><\/div>\n<div style=\"text-align: justify;\">\n<\/div>\n<div style=\"text-align: justify;\">\n<\/div>\n<div style=\"text-align: justify;\">\n<\/div>\n","protected":false},"excerpt":{"rendered":"<p>Cr\u00e9ditos: Jana\u00edna Pepeu Nesta semana em que antecede o Dia do Idoso, comemorado na pr\u00f3xima segunda-feira, 1\u00ba de outubro, para&hellip;<\/p>\n","protected":false},"author":1,"featured_media":0,"comment_status":"open","ping_status":"open","sticky":false,"template":"","format":"standard","meta":{"footnotes":""},"categories":[1],"tags":[2,1181,6],"class_list":["post-1222","post","type-post","status-publish","format-standard","hentry","category-sem-categoria","tag-blog-do-edvaldo-magalhaes","tag-confira-a-programacao-da-semana-nacional-e-municipal-do-idoso","tag-noticias"],"_links":{"self":[{"href":"https:\/\/blogdoedvaldomagalhaes.com.br\/index.php\/wp-json\/wp\/v2\/posts\/1222","targetHints":{"allow":["GET"]}}],"collection":[{"href":"https:\/\/blogdoedvaldomagalhaes.com.br\/index.php\/wp-json\/wp\/v2\/posts"}],"about":[{"href":"https:\/\/blogdoedvaldomagalhaes.com.br\/index.php\/wp-json\/wp\/v2\/types\/post"}],"author":[{"embeddable":true,"href":"https:\/\/blogdoedvaldomagalhaes.com.br\/index.php\/wp-json\/wp\/v2\/users\/1"}],"replies":[{"embeddable":true,"href":"https:\/\/blogdoedvaldomagalhaes.com.br\/index.php\/wp-json\/wp\/v2\/comments?post=1222"}],"version-history":[{"count":1,"href":"https:\/\/blogdoedvaldomagalhaes.com.br\/index.php\/wp-json\/wp\/v2\/posts\/1222\/revisions"}],"predecessor-version":[{"id":34336,"href":"https:\/\/blogdoedvaldomagalhaes.com.br\/index.php\/wp-json\/wp\/v2\/posts\/1222\/revisions\/34336"}],"wp:attachment":[{"href":"https:\/\/blogdoedvaldomagalhaes.com.br\/index.php\/wp-json\/wp\/v2\/media?parent=1222"}],"wp:term":[{"taxonomy":"category","embeddable":true,"href":"https:\/\/blogdoedvaldomagalhaes.com.br\/index.php\/wp-json\/wp\/v2\/categories?post=1222"},{"taxonomy":"post_tag","embeddable":true,"href":"https:\/\/blogdoedvaldomagalhaes.com.br\/index.php\/wp-json\/wp\/v2\/tags?post=1222"}],"curies":[{"name":"wp","href":"https:\/\/api.w.org\/{rel}","templated":true}]}}