{"id":122189,"date":"2025-08-21T09:36:08","date_gmt":"2025-08-21T12:36:08","guid":{"rendered":"https:\/\/blogdoedvaldomagalhaes.com.br\/?p=122189"},"modified":"2025-08-21T09:36:09","modified_gmt":"2025-08-21T12:36:09","slug":"passageiro-morre-e-outro-fica-ferido-apos-colisao-entre-dois-caminhoes","status":"publish","type":"post","link":"https:\/\/blogdoedvaldomagalhaes.com.br\/index.php\/2025\/08\/21\/passageiro-morre-e-outro-fica-ferido-apos-colisao-entre-dois-caminhoes\/","title":{"rendered":"Passageiro morre e outro fica ferido, ap\u00f3s colis\u00e3o entre dois caminh\u00f5es"},"content":{"rendered":"<p>Por volta das 19h, dessa quarta-feira (21.08), a PRF foi acionada para atender um sinistro no Km 27 da BR 232, em Moreno, sentido Recife.<\/p>\n<p>Foi uma colis\u00e3o de um caminh\u00e3o ba\u00fa na parte de tr\u00e1s de um caminh\u00e3o maior. O caminh\u00e3o maior saiu do local antes da chegada da viatura.<\/p>\n<p>Um dos passageiros do caminh\u00e3o ba\u00fa faleceu no local. O outro passageiro ficou ferido em estado grave e foi conduzido pelo SAMU para o Hospital da Restaura\u00e7\u00e3o.<\/p>\n<p>O motorista do caminh\u00e3o ba\u00fa n\u00e3o ficou ferido. Ele realizou o teste do baf\u00f4metro e o resultado foi de 0,65mg\/l, que configura crime de tr\u00e2nsito.<\/p>\n<p>O motorista admitiu que havia ingerido bebida alco\u00f3lica. Ele foi autuado e encaminhado \u00e0 Pol\u00edcia Civil.<\/p>\n<p>O IC e IML tamb\u00e9m estiveram no local. A Pol\u00edcia Civil vai investigar o caso.<br \/>\nSiga o Instagram do Blog pelo @blogdoedvaldomagalhaes<br \/>\nFoto: Divulga\u00e7\u00e3o\/PRF<\/p>\n","protected":false},"excerpt":{"rendered":"<p>Por volta das 19h, dessa quarta-feira (21.08), a PRF foi acionada para atender um sinistro no Km 27 da BR&hellip;<\/p>\n","protected":false},"author":1,"featured_media":122190,"comment_status":"closed","ping_status":"open","sticky":false,"template":"","format":"standard","meta":{"footnotes":""},"categories":[14120],"tags":[14276,29440,27410,13146,28801,34458],"class_list":["post-122189","post","type-post","status-publish","format-standard","has-post-thumbnail","hentry","category-noticias","tag-acidente","tag-blog-com-mais-visualizacao","tag-blog-de-caruaru","tag-blog-edvaldo-magalhaes","tag-blog-mais-acessado","tag-passageiro-morre-e-outro-fica-ferido-apos-colisao-entre-dois-caminhoes"],"_links":{"self":[{"href":"https:\/\/blogdoedvaldomagalhaes.com.br\/index.php\/wp-json\/wp\/v2\/posts\/122189","targetHints":{"allow":["GET"]}}],"collection":[{"href":"https:\/\/blogdoedvaldomagalhaes.com.br\/index.php\/wp-json\/wp\/v2\/posts"}],"about":[{"href":"https:\/\/blogdoedvaldomagalhaes.com.br\/index.php\/wp-json\/wp\/v2\/types\/post"}],"author":[{"embeddable":true,"href":"https:\/\/blogdoedvaldomagalhaes.com.br\/index.php\/wp-json\/wp\/v2\/users\/1"}],"replies":[{"embeddable":true,"href":"https:\/\/blogdoedvaldomagalhaes.com.br\/index.php\/wp-json\/wp\/v2\/comments?post=122189"}],"version-history":[{"count":1,"href":"https:\/\/blogdoedvaldomagalhaes.com.br\/index.php\/wp-json\/wp\/v2\/posts\/122189\/revisions"}],"predecessor-version":[{"id":122191,"href":"https:\/\/blogdoedvaldomagalhaes.com.br\/index.php\/wp-json\/wp\/v2\/posts\/122189\/revisions\/122191"}],"wp:featuredmedia":[{"embeddable":true,"href":"https:\/\/blogdoedvaldomagalhaes.com.br\/index.php\/wp-json\/wp\/v2\/media\/122190"}],"wp:attachment":[{"href":"https:\/\/blogdoedvaldomagalhaes.com.br\/index.php\/wp-json\/wp\/v2\/media?parent=122189"}],"wp:term":[{"taxonomy":"category","embeddable":true,"href":"https:\/\/blogdoedvaldomagalhaes.com.br\/index.php\/wp-json\/wp\/v2\/categories?post=122189"},{"taxonomy":"post_tag","embeddable":true,"href":"https:\/\/blogdoedvaldomagalhaes.com.br\/index.php\/wp-json\/wp\/v2\/tags?post=122189"}],"curies":[{"name":"wp","href":"https:\/\/api.w.org\/{rel}","templated":true}]}}