{"id":122186,"date":"2025-08-21T08:49:01","date_gmt":"2025-08-21T11:49:01","guid":{"rendered":"https:\/\/blogdoedvaldomagalhaes.com.br\/?p=122186"},"modified":"2025-08-21T08:49:01","modified_gmt":"2025-08-21T11:49:01","slug":"apaes-realizam-semana-nacional-da-pessoa-com-deficiencia-2","status":"publish","type":"post","link":"https:\/\/blogdoedvaldomagalhaes.com.br\/index.php\/2025\/08\/21\/apaes-realizam-semana-nacional-da-pessoa-com-deficiencia-2\/","title":{"rendered":"Apaes realizam Semana Nacional da Pessoa com Defici\u00eancia"},"content":{"rendered":"<p><span style=\"font-size: revert;\">A Apae \u2013 Associa\u00e7\u00e3o de Pais e Amigos dos Excepcionais realiza entre os dias 21 e 28 de agosto a Semana Nacional da Pessoa com Defici\u00eancia Intelectual e M\u00faltipla. A semana \u00e9 uma oportunidade de mobiliza\u00e7\u00e3o social para aproximar a sociedade das realidades vividas pelas pessoas com defici\u00eancia e este ano tem como tema \u201cDefici\u00eancia n\u00e3o define. Oportunidade transforma. Inclua nossa voz!\u201d<\/span><\/p>\n<p>Durante esses dias as Apaes de Pernambuco estar\u00e3o realizando palestras, apresenta\u00e7\u00f5es culturais, rodas de conversas, caminhadas e muitas outras atividades, mobilizando as pessoas atendidas pelas institui\u00e7\u00f5es, suas fam\u00edlias, pol\u00edticos, empres\u00e1rios, profissionais das \u00e1reas de sa\u00fade, educa\u00e7\u00e3o e a sociedade de forma geral para o engajamento na causa.<\/p>\n<p>Atualmente s\u00e3o 28 unidades de Apaes em Pernambuco, que desempenham um papel essencial na promo\u00e7\u00e3o da inclus\u00e3o, desenvolvimento e bem-estar da pessoa com defici\u00eancia intelectual e m\u00faltipla e seus familiares. As Apaes em Pernambuco atendem quase 6.600 pessoas, com mais de 40 mil atendimentos mensais e quase meio milh\u00e3o de atendimentos no ano nas \u00e1reas de psicologia, psicopedagogia, fisioterapia geral, estimula\u00e7\u00e3o precoce, nutri\u00e7\u00e3o, terapia ocupacional, fonoaudiologia, enfermagem, neurologia, odontologia, ventosaterapia, terapia integrativa, terapia neuropsinal, atendimento terap\u00eautico especializado, musicoterapia, psimoticista (presumivelmente psicomotricista). Tamb\u00e9m realizam atendimentos de educa\u00e7\u00e3o especializada, acolhimento pedag\u00f3gico, oficinas de recrea\u00e7\u00e3o, assessoria jur\u00eddica (voltada \u00e0 garantia de direitos), cultura e esporte, dan\u00e7a, teatro, educa\u00e7\u00e3o f\u00edsica, pilates, taekwondo, capoeira, nata\u00e7\u00e3o, oficinas de arte e express\u00e3o corporal.<\/p>\n<p>O volume expressivo de atendimentos demonstra o compromisso das APAEs com a promo\u00e7\u00e3o da cidadania, autonomia e qualidade de vida das pessoas assistidas. Al\u00e9m disso, o trabalho integrado entre profissionais de diversas \u00e1reas fortalece o v\u00ednculo com as fam\u00edlias e a comunidade, contribuindo para uma sociedade mais inclusiva e justa. Participe voc\u00ea tamb\u00e9m, conhe\u00e7a o trabalho da Apae.<br \/>\nSiga o Instagram do Blog pelo @blogdoedvaldomagalhaes.<br \/>\nFoto: Divulga\u00e7\u00e3o<\/p>\n","protected":false},"excerpt":{"rendered":"<p>A Apae \u2013 Associa\u00e7\u00e3o de Pais e Amigos dos Excepcionais realiza entre os dias 21 e 28 de agosto a&hellip;<\/p>\n","protected":false},"author":1,"featured_media":122187,"comment_status":"closed","ping_status":"open","sticky":false,"template":"","format":"standard","meta":{"footnotes":""},"categories":[14120],"tags":[28803,27410,2,28801],"class_list":["post-122186","post","type-post","status-publish","format-standard","has-post-thumbnail","hentry","category-noticias","tag-blog-com-mais-visualizacoes","tag-blog-de-caruaru","tag-blog-do-edvaldo-magalhaes","tag-blog-mais-acessado"],"_links":{"self":[{"href":"https:\/\/blogdoedvaldomagalhaes.com.br\/index.php\/wp-json\/wp\/v2\/posts\/122186","targetHints":{"allow":["GET"]}}],"collection":[{"href":"https:\/\/blogdoedvaldomagalhaes.com.br\/index.php\/wp-json\/wp\/v2\/posts"}],"about":[{"href":"https:\/\/blogdoedvaldomagalhaes.com.br\/index.php\/wp-json\/wp\/v2\/types\/post"}],"author":[{"embeddable":true,"href":"https:\/\/blogdoedvaldomagalhaes.com.br\/index.php\/wp-json\/wp\/v2\/users\/1"}],"replies":[{"embeddable":true,"href":"https:\/\/blogdoedvaldomagalhaes.com.br\/index.php\/wp-json\/wp\/v2\/comments?post=122186"}],"version-history":[{"count":1,"href":"https:\/\/blogdoedvaldomagalhaes.com.br\/index.php\/wp-json\/wp\/v2\/posts\/122186\/revisions"}],"predecessor-version":[{"id":122188,"href":"https:\/\/blogdoedvaldomagalhaes.com.br\/index.php\/wp-json\/wp\/v2\/posts\/122186\/revisions\/122188"}],"wp:featuredmedia":[{"embeddable":true,"href":"https:\/\/blogdoedvaldomagalhaes.com.br\/index.php\/wp-json\/wp\/v2\/media\/122187"}],"wp:attachment":[{"href":"https:\/\/blogdoedvaldomagalhaes.com.br\/index.php\/wp-json\/wp\/v2\/media?parent=122186"}],"wp:term":[{"taxonomy":"category","embeddable":true,"href":"https:\/\/blogdoedvaldomagalhaes.com.br\/index.php\/wp-json\/wp\/v2\/categories?post=122186"},{"taxonomy":"post_tag","embeddable":true,"href":"https:\/\/blogdoedvaldomagalhaes.com.br\/index.php\/wp-json\/wp\/v2\/tags?post=122186"}],"curies":[{"name":"wp","href":"https:\/\/api.w.org\/{rel}","templated":true}]}}