{"id":122180,"date":"2025-08-20T20:30:42","date_gmt":"2025-08-20T23:30:42","guid":{"rendered":"https:\/\/blogdoedvaldomagalhaes.com.br\/?p=122180"},"modified":"2025-08-20T20:37:31","modified_gmt":"2025-08-20T23:37:31","slug":"prefeitura-de-caruaru-firma-convenio-com-o-sebrae-para-impulsionar-o-desenvolvimento-economico-da-cidade","status":"publish","type":"post","link":"https:\/\/blogdoedvaldomagalhaes.com.br\/index.php\/2025\/08\/20\/prefeitura-de-caruaru-firma-convenio-com-o-sebrae-para-impulsionar-o-desenvolvimento-economico-da-cidade\/","title":{"rendered":"Prefeitura de Caruaru firma conv\u00eanio com o Sebrae para impulsionar o desenvolvimento econ\u00f4mico da cidade"},"content":{"rendered":"<p>A Prefeitura de Caruaru, por meio da ades\u00e3o ao programa Cidade Empreendedora, firmou um conv\u00eanio com o Sebrae com o objetivo de fortalecer o ambiente de neg\u00f3cios, estimular o empreendedorismo e promover a competitividade empresarial no munic\u00edpio. A proposta tem uma abordagem de desenvolvimento territorial e envolve diversas secretarias municipais na execu\u00e7\u00e3o das a\u00e7\u00f5es previstas.<\/p>\n<p>A Secretaria de Desenvolvimento Econ\u00f4mico, Turismo, Tecnologia e Economia Criativa (SEDETEC) est\u00e1 respons\u00e1vel por coordenar os eixos de desburocratiza\u00e7\u00e3o, tecnologia e inova\u00e7\u00e3o, turismo, economia criativa e com\u00e9rcio e servi\u00e7os. Entre as a\u00e7\u00f5es, est\u00e3o a implanta\u00e7\u00e3o da Sala do Empreendedor, a realiza\u00e7\u00e3o de hackatons, miss\u00f5es t\u00e9cnicas e programas de acelera\u00e7\u00e3o para startups, al\u00e9m do Festival Gastron\u00f4mico e consultorias para comerciantes e feirantes.<\/p>\n<p>O programa tamb\u00e9m prev\u00ea iniciativas como o invent\u00e1rio da oferta tur\u00edstica de Caruaru, a cria\u00e7\u00e3o e promo\u00e7\u00e3o de roteiros tur\u00edsticos, o mapeamento do territ\u00f3rio criativo e o desenvolvimento de produtos no Parque Ambiental Serra dos Cavalos. Para o setor de com\u00e9rcio e servi\u00e7os, est\u00e3o inclu\u00eddas consultorias espec\u00edficas para o Alto do Moura, \u00e1rea de est\u00e9tica e beleza e capacita\u00e7\u00f5es para inser\u00e7\u00e3o no mercado digital.<\/p>\n<p>Al\u00e9m da SEDETEC, participaram da assinatura do conv\u00eanio a Secretaria da Mulher (SEMU) e a Secretaria de Desenvolvimento Rural, ampliando as possibilidades e oportunidades do fortalecimento de atua\u00e7\u00e3o da prefeitura e do Sebrae, visando potencializar o desenvolvimento de Caruaru.<br \/>\nSeja seguidor do Instagram do Blog pelo @blogdoedvaldomagalhaes<\/p>\n<p><img loading=\"lazy\" decoding=\"async\" src=\"https:\/\/blogdoedvaldomagalhaes.com.br\/wp-content\/uploads\/2025\/08\/img-20250820-wa01623366646152685099764.jpg\" class=\"wp-image-122183 alignnone size-full\" width=\"1600\" height=\"1066\" srcset=\"https:\/\/blogdoedvaldomagalhaes.com.br\/wp-content\/uploads\/2025\/08\/img-20250820-wa01623366646152685099764.jpg 1600w, https:\/\/blogdoedvaldomagalhaes.com.br\/wp-content\/uploads\/2025\/08\/img-20250820-wa01623366646152685099764-300x200.jpg 300w, https:\/\/blogdoedvaldomagalhaes.com.br\/wp-content\/uploads\/2025\/08\/img-20250820-wa01623366646152685099764-1024x682.jpg 1024w, https:\/\/blogdoedvaldomagalhaes.com.br\/wp-content\/uploads\/2025\/08\/img-20250820-wa01623366646152685099764-768x512.jpg 768w, https:\/\/blogdoedvaldomagalhaes.com.br\/wp-content\/uploads\/2025\/08\/img-20250820-wa01623366646152685099764-1536x1023.jpg 1536w\" sizes=\"auto, (max-width: 1600px) 100vw, 1600px\" \/>Fotos: Rafael Moreira\/Secom PMC<\/p>\n","protected":false},"excerpt":{"rendered":"<p>A Prefeitura de Caruaru, por meio da ades\u00e3o ao programa Cidade Empreendedora, firmou um conv\u00eanio com o Sebrae com o&hellip;<\/p>\n","protected":false},"author":1,"featured_media":122181,"comment_status":"closed","ping_status":"open","sticky":false,"template":"","format":"standard","meta":{"footnotes":""},"categories":[14122],"tags":[28803,27410,13146,28801,34457],"class_list":["post-122180","post","type-post","status-publish","format-standard","has-post-thumbnail","hentry","category-politica","tag-blog-com-mais-visualizacoes","tag-blog-de-caruaru","tag-blog-edvaldo-magalhaes","tag-blog-mais-acessado","tag-prefeitura-de-caruaru-firma-convenio-com-o-sebrae-para-impulsionar-o-desenvolvimento-economico-da-cidade"],"_links":{"self":[{"href":"https:\/\/blogdoedvaldomagalhaes.com.br\/index.php\/wp-json\/wp\/v2\/posts\/122180","targetHints":{"allow":["GET"]}}],"collection":[{"href":"https:\/\/blogdoedvaldomagalhaes.com.br\/index.php\/wp-json\/wp\/v2\/posts"}],"about":[{"href":"https:\/\/blogdoedvaldomagalhaes.com.br\/index.php\/wp-json\/wp\/v2\/types\/post"}],"author":[{"embeddable":true,"href":"https:\/\/blogdoedvaldomagalhaes.com.br\/index.php\/wp-json\/wp\/v2\/users\/1"}],"replies":[{"embeddable":true,"href":"https:\/\/blogdoedvaldomagalhaes.com.br\/index.php\/wp-json\/wp\/v2\/comments?post=122180"}],"version-history":[{"count":2,"href":"https:\/\/blogdoedvaldomagalhaes.com.br\/index.php\/wp-json\/wp\/v2\/posts\/122180\/revisions"}],"predecessor-version":[{"id":122184,"href":"https:\/\/blogdoedvaldomagalhaes.com.br\/index.php\/wp-json\/wp\/v2\/posts\/122180\/revisions\/122184"}],"wp:featuredmedia":[{"embeddable":true,"href":"https:\/\/blogdoedvaldomagalhaes.com.br\/index.php\/wp-json\/wp\/v2\/media\/122181"}],"wp:attachment":[{"href":"https:\/\/blogdoedvaldomagalhaes.com.br\/index.php\/wp-json\/wp\/v2\/media?parent=122180"}],"wp:term":[{"taxonomy":"category","embeddable":true,"href":"https:\/\/blogdoedvaldomagalhaes.com.br\/index.php\/wp-json\/wp\/v2\/categories?post=122180"},{"taxonomy":"post_tag","embeddable":true,"href":"https:\/\/blogdoedvaldomagalhaes.com.br\/index.php\/wp-json\/wp\/v2\/tags?post=122180"}],"curies":[{"name":"wp","href":"https:\/\/api.w.org\/{rel}","templated":true}]}}