{"id":122177,"date":"2025-08-20T20:20:46","date_gmt":"2025-08-20T23:20:46","guid":{"rendered":"https:\/\/blogdoedvaldomagalhaes.com.br\/?p=122177"},"modified":"2025-08-20T20:37:54","modified_gmt":"2025-08-20T23:37:54","slug":"aniversario-de-26-anos-do-museu-do-cordel-sera-celebrado-com-programacao-especial-nesta-quinta-21","status":"publish","type":"post","link":"https:\/\/blogdoedvaldomagalhaes.com.br\/index.php\/2025\/08\/20\/aniversario-de-26-anos-do-museu-do-cordel-sera-celebrado-com-programacao-especial-nesta-quinta-21\/","title":{"rendered":"Anivers\u00e1rio de 26 anos do Museu do Cordel ser\u00e1 celebrado com programa\u00e7\u00e3o especial nesta quinta (21)"},"content":{"rendered":"<p>O Museu do Cordel Oleg\u00e1rio Fernandes, localizado na Feira de Artesanato de Caruaru, completa 26 anos nesta quinta-feira, 21 de agosto. Em homenagem \u00e0 data, o espa\u00e7o receber\u00e1 uma programa\u00e7\u00e3o especial, com palestras e apresenta\u00e7\u00f5es culturais de m\u00fasica e declama\u00e7\u00e3o de cordel, a partir das 9h. As atividades s\u00e3o gratuitas e abertas ao p\u00fablico em geral.<\/p>\n<p>A abertura contar\u00e1 com a presen\u00e7a de representantes da Funda\u00e7\u00e3o de Cultura. Em seguida, haver\u00e1 apresenta\u00e7\u00e3o musical de estudantes da Escola Municipal Professor Jos\u00e9 Flor\u00eancio Le\u00e3o e do Trio Forr\u00f3 Cordel. Finalizando a manh\u00e3, o historiador e cordelista Oleg\u00e1rio Fernandes ir\u00e1 ministrar uma palestra sobre o Museu.<\/p>\n<p>No turno da tarde, a partir das 14h, uma nova palestra ser\u00e1 realizada pelo historiador. Em seguida, haver\u00e1 declama\u00e7\u00e3o de cordel com alunos da Escola Municipal Santos Anjos e apresenta\u00e7\u00e3o musical do Trio Forr\u00f3 Cordel. <\/p>\n<p>*Museu do Cordel Oleg\u00e1rio Fernandes*<\/p>\n<p>Inaugurado no ano de 1999, o Museu do Cordel Oleg\u00e1rio Fernandes conta com um acervo de cord\u00e9is tradicionais, antigos e raros, fotografias de poetas, livros sobre o assunto e m\u00e1quinas de xilogravuras e linogravuras.<\/p>\n<p>O espa\u00e7o funciona de segunda a sexta, das 8h \u00e0s 17h, e aos s\u00e1bados, das 8h \u00e0s 13h.<\/p>\n<p>Confira a programa\u00e7\u00e3o completa:<\/p>\n<p>9h &#8211; Abertura com representantes da Funda\u00e7\u00e3o de Cultura de Caruaru<\/p>\n<p>9h30 &#8211; Apresenta\u00e7\u00e3o musical: Estudantes da Escola Municipal Professor Jos\u00e9 Flor\u00eancio Le\u00e3o<\/p>\n<p>10h30 &#8211; Apresenta\u00e7\u00e3o: Trio Forr\u00f3 Cordel<\/p>\n<p>11h &#8211; Palestra: Hist\u00f3ria do Museu do Cordel Oleg\u00e1rio Fernandes (mediador: Oleg\u00e1rio Filho)<\/p>\n<p>14h &#8211; Palestra: Hist\u00f3ria do Museu do Cordel Oleg\u00e1rio Fernandes (mediador: Oleg\u00e1rio Filho)<\/p>\n<p>14h30 &#8211; Declama\u00e7\u00e3o de cordel: Estudantes da Escola Municipal Santos Anjos<\/p>\n<p>15h &#8211; Apresenta\u00e7\u00e3o: Trio Forr\u00f3 Cordel.<br \/>\nSiga o Instagram do Blog pelo @blogdoedvaldomagalhaes<br \/>\nFoto: Divulga\u00e7\u00e3o<\/p>\n","protected":false},"excerpt":{"rendered":"<p>O Museu do Cordel Oleg\u00e1rio Fernandes, localizado na Feira de Artesanato de Caruaru, completa 26 anos nesta quinta-feira, 21 de&hellip;<\/p>\n","protected":false},"author":1,"featured_media":122178,"comment_status":"closed","ping_status":"open","sticky":false,"template":"","format":"standard","meta":{"footnotes":""},"categories":[14120],"tags":[34456,28803,27410,2,28801],"class_list":["post-122177","post","type-post","status-publish","format-standard","has-post-thumbnail","hentry","category-noticias","tag-aniversario-de-26-anos-do-museu-do-cordel-e-celebrado-com-programacao-especial","tag-blog-com-mais-visualizacoes","tag-blog-de-caruaru","tag-blog-do-edvaldo-magalhaes","tag-blog-mais-acessado"],"_links":{"self":[{"href":"https:\/\/blogdoedvaldomagalhaes.com.br\/index.php\/wp-json\/wp\/v2\/posts\/122177","targetHints":{"allow":["GET"]}}],"collection":[{"href":"https:\/\/blogdoedvaldomagalhaes.com.br\/index.php\/wp-json\/wp\/v2\/posts"}],"about":[{"href":"https:\/\/blogdoedvaldomagalhaes.com.br\/index.php\/wp-json\/wp\/v2\/types\/post"}],"author":[{"embeddable":true,"href":"https:\/\/blogdoedvaldomagalhaes.com.br\/index.php\/wp-json\/wp\/v2\/users\/1"}],"replies":[{"embeddable":true,"href":"https:\/\/blogdoedvaldomagalhaes.com.br\/index.php\/wp-json\/wp\/v2\/comments?post=122177"}],"version-history":[{"count":1,"href":"https:\/\/blogdoedvaldomagalhaes.com.br\/index.php\/wp-json\/wp\/v2\/posts\/122177\/revisions"}],"predecessor-version":[{"id":122179,"href":"https:\/\/blogdoedvaldomagalhaes.com.br\/index.php\/wp-json\/wp\/v2\/posts\/122177\/revisions\/122179"}],"wp:featuredmedia":[{"embeddable":true,"href":"https:\/\/blogdoedvaldomagalhaes.com.br\/index.php\/wp-json\/wp\/v2\/media\/122178"}],"wp:attachment":[{"href":"https:\/\/blogdoedvaldomagalhaes.com.br\/index.php\/wp-json\/wp\/v2\/media?parent=122177"}],"wp:term":[{"taxonomy":"category","embeddable":true,"href":"https:\/\/blogdoedvaldomagalhaes.com.br\/index.php\/wp-json\/wp\/v2\/categories?post=122177"},{"taxonomy":"post_tag","embeddable":true,"href":"https:\/\/blogdoedvaldomagalhaes.com.br\/index.php\/wp-json\/wp\/v2\/tags?post=122177"}],"curies":[{"name":"wp","href":"https:\/\/api.w.org\/{rel}","templated":true}]}}