{"id":122174,"date":"2025-08-20T20:15:18","date_gmt":"2025-08-20T23:15:18","guid":{"rendered":"https:\/\/blogdoedvaldomagalhaes.com.br\/?p=122174"},"modified":"2025-08-20T20:38:15","modified_gmt":"2025-08-20T23:38:15","slug":"projeto-meu-amigao-incentiva-adocao-responsavel-de-caes-e-gatos-no-marco-zero","status":"publish","type":"post","link":"https:\/\/blogdoedvaldomagalhaes.com.br\/index.php\/2025\/08\/20\/projeto-meu-amigao-incentiva-adocao-responsavel-de-caes-e-gatos-no-marco-zero\/","title":{"rendered":"Projeto \u201cMeu Amig\u00e3o\u201d incentiva ado\u00e7\u00e3o respons\u00e1vel de c\u00e3es e gatos no Marco Zero"},"content":{"rendered":"<p>O Marco Zero receber\u00e1, nesta quinta-feira (21), a partir das 9h, mais uma edi\u00e7\u00e3o do projeto \u201cMeu Amig\u00e3o\u201d. A iniciativa da Prefeitura de Caruaru, por meio da Secretaria de Sustentabilidade e Bem-Estar Animal, tem como objetivo promover a ado\u00e7\u00e3o respons\u00e1vel de c\u00e3es e gatos.<\/p>\n<p>Para adotar, \u00e9 necess\u00e1rio ter 18 anos ou mais e apresentar RG, CPF e comprovante de resid\u00eancia. No local, os interessados tamb\u00e9m dever\u00e3o assinar um termo de responsabilidade, firmando um compromisso com os devidos cuidados e o bem-estar do animal adotado.<\/p>\n<p>Os pets dispon\u00edveis, entre filhotes e adultos, j\u00e1 foram vermifugados. Os adultos s\u00e3o entregues castrados, enquanto os filhotes t\u00eam a castra\u00e7\u00e3o garantida de acordo com idade adequada para a realiza\u00e7\u00e3o do procedimento.<\/p>\n<p>Quem n\u00e3o puder comparecer ao Marco Zero e quiser adotar, pode ir diretamente \u00e0 sede da AME Animal, que conta com c\u00e3es e gatos dispon\u00edveis para ado\u00e7\u00e3o durante todo o ano. O endere\u00e7o \u00e9 Avenida R\u00e1dio Cultura do Nordeste, n\u00ba 1.000, bairro Indian\u00f3polis, com hor\u00e1rio de funcionamento de segunda a sexta-feira, das 8h \u00e0s 16h.<br \/>\nSeja seguidor do Instagram do Blog pelo @blogdoedvaldomagalhaes<br \/>\nFoto: Jorge Fartias\/Secom\/PMC<\/p>\n","protected":false},"excerpt":{"rendered":"<p>O Marco Zero receber\u00e1, nesta quinta-feira (21), a partir das 9h, mais uma edi\u00e7\u00e3o do projeto \u201cMeu Amig\u00e3o\u201d. A iniciativa&hellip;<\/p>\n","protected":false},"author":1,"featured_media":122175,"comment_status":"closed","ping_status":"open","sticky":false,"template":"","format":"standard","meta":{"footnotes":""},"categories":[14120],"tags":[28803,27410,13146,28801,34455],"class_list":["post-122174","post","type-post","status-publish","format-standard","has-post-thumbnail","hentry","category-noticias","tag-blog-com-mais-visualizacoes","tag-blog-de-caruaru","tag-blog-edvaldo-magalhaes","tag-blog-mais-acessado","tag-projeto-meu-amigao-incentiva-adocao-responsavel-de-caes-e-gatos-no-marco-zero"],"_links":{"self":[{"href":"https:\/\/blogdoedvaldomagalhaes.com.br\/index.php\/wp-json\/wp\/v2\/posts\/122174","targetHints":{"allow":["GET"]}}],"collection":[{"href":"https:\/\/blogdoedvaldomagalhaes.com.br\/index.php\/wp-json\/wp\/v2\/posts"}],"about":[{"href":"https:\/\/blogdoedvaldomagalhaes.com.br\/index.php\/wp-json\/wp\/v2\/types\/post"}],"author":[{"embeddable":true,"href":"https:\/\/blogdoedvaldomagalhaes.com.br\/index.php\/wp-json\/wp\/v2\/users\/1"}],"replies":[{"embeddable":true,"href":"https:\/\/blogdoedvaldomagalhaes.com.br\/index.php\/wp-json\/wp\/v2\/comments?post=122174"}],"version-history":[{"count":1,"href":"https:\/\/blogdoedvaldomagalhaes.com.br\/index.php\/wp-json\/wp\/v2\/posts\/122174\/revisions"}],"predecessor-version":[{"id":122176,"href":"https:\/\/blogdoedvaldomagalhaes.com.br\/index.php\/wp-json\/wp\/v2\/posts\/122174\/revisions\/122176"}],"wp:featuredmedia":[{"embeddable":true,"href":"https:\/\/blogdoedvaldomagalhaes.com.br\/index.php\/wp-json\/wp\/v2\/media\/122175"}],"wp:attachment":[{"href":"https:\/\/blogdoedvaldomagalhaes.com.br\/index.php\/wp-json\/wp\/v2\/media?parent=122174"}],"wp:term":[{"taxonomy":"category","embeddable":true,"href":"https:\/\/blogdoedvaldomagalhaes.com.br\/index.php\/wp-json\/wp\/v2\/categories?post=122174"},{"taxonomy":"post_tag","embeddable":true,"href":"https:\/\/blogdoedvaldomagalhaes.com.br\/index.php\/wp-json\/wp\/v2\/tags?post=122174"}],"curies":[{"name":"wp","href":"https:\/\/api.w.org\/{rel}","templated":true}]}}