{"id":122171,"date":"2025-08-20T20:05:44","date_gmt":"2025-08-20T23:05:44","guid":{"rendered":"https:\/\/blogdoedvaldomagalhaes.com.br\/?p=122171"},"modified":"2025-08-20T22:06:02","modified_gmt":"2025-08-21T01:06:02","slug":"confira-programacao-do-festival-pernambuco-meu-pais-em-gravata-de-20-a-24-de-agosto","status":"publish","type":"post","link":"https:\/\/blogdoedvaldomagalhaes.com.br\/index.php\/2025\/08\/20\/confira-programacao-do-festival-pernambuco-meu-pais-em-gravata-de-20-a-24-de-agosto\/","title":{"rendered":"Confira programa\u00e7\u00e3o do Festival Pernambuco Meu Pa\u00eds em Gravat\u00e1 de 20 a 24 de agosto"},"content":{"rendered":"<p>Entre os dias 20 e 24 de agosto, Gravat\u00e1 se transforma em palco de um dos maiores encontros culturais do Estado com a chegada do Festival Pernambuco Meu Pa\u00eds. A cidade serrana receber\u00e1 mais de 130 atividades e mais de 10 polos de viv\u00eancia cultural espalhados, celebrando a diversidade art\u00edstica e as tradi\u00e7\u00f5es de Pernambuco com acessos totalmente gratuitos.<\/p>\n<p>Shows, cortejos, espet\u00e1culos, oficinas, cinema, exposi\u00e7\u00f5es, feiras criativas, debates e apresenta\u00e7\u00f5es de culturas populares comp\u00f5em a extensa programa\u00e7\u00e3o. Pela primeira vez, o festival chega \u00e0 cidade antes mesmo do in\u00edcio oficial, com a\u00e7\u00f5es formativas do Forma PE a partir do dia 20 de agosto. O evento refor\u00e7a o protagonismo dos artistas e produtores culturais pernambucanos: mais de 75% das atra\u00e7\u00f5es s\u00e3o do Estado, e mais de 80% das contrata\u00e7\u00f5es foram feitas via edital p\u00fablico.<\/p>\n<p>No palco Pernambuco Meu Pa\u00eds, montado no P\u00e1tio de Eventos Chucre Mussa Zarzar, grandes nomes da m\u00fasica nacional e local se apresentam entre os dias 22 e 24 de agosto. Entre os destaques est\u00e3o Lenine, Alexandre Pires, Diogo Nogueira, Marcelo Falc\u00e3o, Mara Pavanelly, Dorgival Dantas, Tarc\u00edsio do Acordeon e Chico Chico. Al\u00e9m disso, as culturas populares tamb\u00e9m sobem ao palco principal, com o Afox\u00e9 Omim Sab\u00e1 e a Fam\u00edlia Salustiano e a Rabeca Encantada. Nos intervalos, o Som na Rural mant\u00e9m o p\u00fablico no clima com sets dos DJs Armandinho Reggae, Jo\u00e3o Guerra e DJ 440.<\/p>\n<p>A programa\u00e7\u00e3o ocupa espa\u00e7os como o Mercado Municipal, Pra\u00e7a Joaquim Didier, Memorial de Gravat\u00e1, Rua do Norte, Par\u00f3quia Sant\u2019Anna, EREM Devaldo Borges, al\u00e9m do distrito de Mandacaru e o Alto do Cruzeiro, que recebem o Pernambuco Meu Pa\u00eds Descentralizado. Cada polo traz recortes espec\u00edficos de linguagem: m\u00fasica, forr\u00f3, culturas populares, audiovisual, economia criativa, teatro, literatura, artes visuais e muito mais.<\/p>\n<p>Al\u00e9m dos espet\u00e1culos, o festival abre espa\u00e7o para a reflex\u00e3o, com o F\u00f3rum Cadeia Produtiva da Cultura, da Cria\u00e7\u00e3o ao Mercado, que em Gravat\u00e1 traz nomes como Cynthia Falc\u00e3o, Chico Ludermir e Franciele Sottero para discutir caminhos de sustentabilidade e circula\u00e7\u00e3o para a produ\u00e7\u00e3o art\u00edstica em audiovisual, artes visuais e fotografia. O evento tamb\u00e9m oferece forma\u00e7\u00f5es gratuitas e a\u00e7\u00f5es de cidadania em parceria com diversas secretarias estaduais.<\/p>\n<p>O Festival Pernambuco Meu Pa\u00eds \u00e9 uma realiza\u00e7\u00e3o do Governo de Pernambuco, em parceria com o Sesc, Secretaria de Desenvolvimento Profissional e Empreendedorismo, Secretaria da Mulher, Secretaria de Desenvolvimento Agr\u00e1rio, Agricultura, Pecu\u00e1ria e Pesca, Detran\/PE, Secretaria de Comunica\u00e7\u00e3o, Conservat\u00f3rio Pernambucano de M\u00fasica, Secretaria da Crian\u00e7a e Juventude e Secretaria de Desenvolvimento Econ\u00f4mico. Toda a programa\u00e7\u00e3o e cobertura est\u00e1 dispon\u00edvel no perfil do Instagram do festival, o @festivalpernambucomeupais e no @culturape. <\/p>\n<p>CONFIRA A PROGRAMA\u00c7\u00c3O COMPLETA:<\/p>\n<p>Palco Pernambuco Meu Pa\u00eds<br \/>\nP\u00e1tio de Eventos Chucre Mussa Zarzar, a partir das 18h30 (sexta e s\u00e1bado) e das 17h30 (domingo)<\/p>\n<p>22\/8<br \/>\n18h30 &#8211; Espet\u00e1culo Pernambuco Meu Pa\u00eds<br \/>\n19h20 &#8211; Fagner Chagas<br \/>\n20h20 &#8211; PV Calado<br \/>\n21h20 &#8211; Mara Pavanelly<br \/>\n23h00 &#8211; Dorgival Dantas<br \/>\n01h00 &#8211; Tarc\u00edsio do Acordeon<br \/>\nSom na Rural com DJ Armandinho Reggae (nos intervalos)<\/p>\n<p>23\/8<br \/>\n18h30 &#8211; Afox\u00e9 Omim Sab\u00e1<br \/>\n19h20 &#8211; Lucas dos Prazeres<br \/>\n20h50 &#8211; Gerlane Lops<br \/>\n22h40 &#8211; Diogo Nogueira<br \/>\n00h30 &#8211; Alexandre Pires<br \/>\nSom na Rural com DJ Jo\u00e3o Guerra (nos intervalos) <\/p>\n<p>24\/8<br \/>\n17h30 &#8211; Fam\u00edlia Salustiano e a Rabeca Encantada<br \/>\n18h20 &#8211; Chico Chico<br \/>\n19h50 &#8211; Lenine<br \/>\n21h40 &#8211; Biqu\u00edni<br \/>\n23h30 &#8211; Marcelo Falc\u00e3o<br \/>\nSom na Rural com DJ 440 (nos intervalos)<\/p>\n<p>Trupe Pernambuco Meu Pa\u00eds<br \/>\nConcentra\u00e7\u00e3o a partir das 16h30<br \/>\n21\/8<br \/>\nOr\u00ed Cia. de Dan\u00e7a<br \/>\nTrupe Vivarte<br \/>\nPernaltas da Trupe, da ASSARTIC<br \/>\nPerformance de Charlene dos Santos e Guilherme Milleron<br \/>\nSom na Rural<\/p>\n<p>Pa\u00eds das Brincadeiras<br \/>\nPra\u00e7a Joaquim Didier, a partir das 15h (sexta e s\u00e1bado) e a partir das 14h (domingo)<br \/>\n22\/8<br \/>\n15h | Hist\u00f3ria de V\u00f3 &#8211; Doce Chuva<br \/>\n16h |Espet\u00e1culo Bumba Meu Boi Bumb\u00e1<br \/>\n17h | Espet\u00e1culo Trovoada Vem A\u00ed<\/p>\n<p>23\/8<br \/>\n15h | Igb\u00e1 Itan &#8211; Teatro Lambe Lambe<br \/>\n16h | Grupo Guerreiros do Passo<br \/>\n17h | Espet\u00e1culo Acroshow<\/p>\n<p>24\/8<br \/>\n14h | Viv\u00eancias de T\u00e9cnicas Circenses, com Boris Trindade J\u00fanior<br \/>\n15h | Espet\u00e1culo HRWJXN!<br \/>\n16h | Espet\u00e1culo Refer\u00eancias do Fuzu\u00ea &#8211; Mestras, Mestres e Terreiros<br \/>\n17h | Espet\u00e1culo Acroshow<\/p>\n<p>Pa\u00eds das Conex\u00f5es Visuais<br \/>\nEsta\u00e7\u00e3o do Artes\u00e3o, a partir das 12h<br \/>\n22 a 24\/8<br \/>\n12h | Mural: O Come\u00e7o do Mundo<br \/>\n12h | Rainhas do Sert\u00e3o: Alma, For\u00e7a e F\u00e9<br \/>\n12h | Exposi\u00e7\u00e3o Xilogravura de Pernambuco, Meu Pa\u00eds &#8211; Osmar Jorge<br \/>\n15h | Rostos do Sil\u00eancio: M\u00e1scaras para Ver por Dentro<br \/>\n15h | Al\u00e9m do Olhar<\/p>\n<p>Pa\u00eds do Cinema<br \/>\nMemorial de Gravat\u00e1, a partir das 14h (sexta) e a partir das 9h (s\u00e1bado)<br \/>\n22\/8<br \/>\n14h | Elas T\u00eam Rosto, Nome e Sobrenome, de Wesley Lima<br \/>\n14h30 | Interven\u00e7\u00e3o de Audiovisual: Que Negras S\u00e3o Essas nos Afox\u00e9s?&#8221;, com Renata Mesquita<br \/>\n15h | Mostra de Cinema \u2013 A Multiplicidade na Cria\u00e7\u00e3o Audiovisual<br \/>\n16h | Debate<\/p>\n<p>23\/8<br \/>\n9h | Mostra Curta na Serra Itinerante<br \/>\n11h30 | Buchada, de PV Ferraz<br \/>\n12h | Debate<\/p>\n<p>Pa\u00eds das Culturas Populares<br \/>\nAvenida Joaquim Didier, a partir das 15h<br \/>\n22\/8<br \/>\n15h | Junina Traquejo<br \/>\n16h | Afox\u00e9 Af\u00e9f\u00e9 Lagbar\u00e1<br \/>\n17h | Mestre Liu Dias<br \/>\n18h | As Filhas de Baracho<\/p>\n<p>23\/8<br \/>\n15h | Cavalo Marinho Estrela Brilhante<br \/>\n16h | Maracatu Le\u00e3o de Ouro<br \/>\n17h | Mestre Jo\u00e3o Limoeiro<br \/>\n18h | Cila do Coco<\/p>\n<p>24\/8<br \/>\n15h | Quadrilha Junina Z\u00e9 Matuto<br \/>\n16h | O Bonde Bloco Carnavalesco L\u00edrico<br \/>\n17h | Maracatu de Baque Solto Estrela Brilhante de Nazar\u00e9 da Mata<br \/>\n18h | Mestre Ciriaco do Coco<\/p>\n<p>Pa\u00eds da Economia Criativa<br \/>\nAvenida Joaquim Didier, a partir das 15h<br \/>\n22 a 24\/8<br \/>\nComercializa\u00e7\u00e3o de produtos de artesanato e gastronomia<\/p>\n<p>Pa\u00eds Matrizes do Forr\u00f3<br \/>\nMercado Municipal, a partir das 12h<br \/>\n22\/8<br \/>\n12h | Beto Hortis<br \/>\n13h20 | Leleka Costa<br \/>\n14h40 | Azulinho<br \/>\n16h | Ed Carlos<\/p>\n<p>23\/8<br \/>\n12h | Raminho do Acordeon<br \/>\n13h20 | Maur\u00edcio Menezes<br \/>\n14h40 | Pecinho Amorim<br \/>\n16h | Klever Lemos<\/p>\n<p>24\/8<br \/>\n12h | Zelyto Madeira<br \/>\n13h20 | Forr\u00f3 Casamarela<br \/>\n14h40 | Berinho Lima<br \/>\n16h | Non\u00f4 Germano<\/p>\n<p>Pa\u00eds da M\u00fasica<br \/>\nRua do Norte, Santa Luzia, a partir das 16h<\/p>\n<p>22\/8 &#8211; 16h<br \/>\nM\u00e1rcio Oliveira<br \/>\nZendo<br \/>\nCaetana<\/p>\n<p>23\/8 &#8211; Festival do Blues de Gravat\u00e1 &#8211; 16h<br \/>\nVintage Boys<br \/>\nLorenzo Thompson &#038; Bruno Marques Band<br \/>\nPrado Brothers<\/p>\n<p>24\/8 &#8211; 16h<br \/>\nAlessandra Le\u00e3o<br \/>\nKarynna Spinelli<br \/>\nGabi do Carmo<\/p>\n<p>Pa\u00eds da M\u00fasica Instrumental<br \/>\nPar\u00f3quia Sant\u2019anna, a partir das 20h<br \/>\n23\/8<br \/>\n20h | Coro de C\u00e2mara CPM<\/p>\n<p>24\/8<br \/>\n20h | Sexta Justa<\/p>\n<p>Pernambuco Meu Pa\u00eds Descentralizado<br \/>\nA\u00e7\u00f5es de literatura, artes circenses, teatro, m\u00fasica, cultura popular<\/p>\n<p>23\/8<br \/>\nAlto do Cruzeiro, a partir das 15h<br \/>\nLona &#8211; Rua Alcides Teixeira<br \/>\n14h | Fam\u00edlia Galopinho, O Cavalinho que Virou Unic\u00f3rnio<br \/>\n15h | Espet\u00e1culo Riso Interior<br \/>\n16h | Espet\u00e1culo Borbulhando<\/p>\n<p>Mandacaru, a partir das 17h<br \/>\nRua Jo\u00e3o Francisco de Lemos<br \/>\n17h | Espet\u00e1culo O N\u00famero Mais D\u00edficil do Circo<br \/>\n19h | Banda Rossi Original<br \/>\n20h20 | Coco do Pneu<br \/>\n21h20 | Brunessa Fran\u00e7a<\/p>\n<p>24\/8<br \/>\nAlto do Cruzeiro, a partir das 15h<br \/>\nLona &#8211; Rua Alcides Teixeira<br \/>\n15h | A Crian\u00e7a e as Parlendas<br \/>\n16h | Cia Moleza e Gentileza Show<\/p>\n<p>Rua Alcides Teixeira, Cruzeiro<br \/>\n18h | Agremia\u00e7\u00e3o Cultural Ciranda Flor do Luar<br \/>\n19h | Allan Carlos<br \/>\n20h20 | Erisson Porto<\/p>\n<p>23 e 24\/8<br \/>\nMandacaru, a partir das 14h<br \/>\nRua Jo\u00e3o Francisco de Lemos<br \/>\nBiblioSesc<\/p>\n<p>Cortejo Brincantes<br \/>\n22\/8<br \/>\nA partir das 17h<br \/>\nBoi Tira Teima<br \/>\nEscola Rebeldes do Samba<br \/>\nMaracatu Estrela de Ouro de Alian\u00e7a<br \/>\nMaracatu Na\u00e7\u00e3o Estrela Brilhante do Recife<br \/>\nMaracatu Xililique<br \/>\nTribo Ind\u00edgena Carij\u00f3s do Recife<br \/>\nTro\u00e7a Carnavalesca Mista Olinda Frevo e Folia<br \/>\nUrso Branco Canga\u00e7\u00e1<\/p>\n<p>23\/8<br \/>\nA partir das 16h<br \/>\nBloco das Flores<br \/>\nBoi Cara Branca de Limoeiro<br \/>\nMaracatu Carneiro da Serra<\/p>\n<p>24\/8<br \/>\nA partir das 16h<br \/>\nAssocia\u00e7\u00e3o de Bacamarteiros de S\u00e3o Jo\u00e3o<br \/>\nBloco de Caboclinhos do S\u00edtio Melancia de Jo\u00e3o Alfredo<br \/>\nMaracatu Le\u00e3o Misterioso de Nazar\u00e9 da Mata<\/p>\n<p>Forma PE (inscri\u00e7\u00e3o na bio do instagram @festivalpernambucomeupa\u00eds)<br \/>\nEREM Devaldo Borges &#8211; Av. Joaquim Didier, 153 &#8211; Centro<br \/>\n20 a 22\/08 | 14h \u00e0s 17h &#8211; Gest\u00e3o e Elabora\u00e7\u00e3o de Projetos, com Elza Medeiros | 20 vagas<\/p>\n<p>21\/08 | 9h \u00e0s 12h e 14h \u00e0s 17h (te\u00f3rica) e 22\/08 | 9h \u00e0s 12h (pr\u00e1tica) &#8211; Experimento Audiovisual via Celular, com Thayn\u00e1 Almeida | 20 vagas <\/p>\n<p>22\/08 | 9h \u00e0s 12h e 14h \u00e0s 17h (te\u00f3rica) e 19h \u00e0s 22h (pr\u00e1tica) &#8211; Fotografia de Shows Musicais, com Pablo de Luca | 20 vagas<\/p>\n<p>F\u00f3rum Cadeia Produtiva da Cultura, da Cria\u00e7\u00e3o ao Mercado<br \/>\nEREM Devaldo Borges &#8211; Av. Joaquim Didier, 153 &#8211; Centro<br \/>\n23\/8 | 14h &#8211;  F\u00f3rum Cadeia Produtiva da Cultura, da Cria\u00e7\u00e3o ao Mercado: Audiovisual, Artes Visuais e Fotografia &#8211; Cynthia Falc\u00e3o, Chico Ludermir e Franciele Sottero <\/p>\n<p>Rede PE<br \/>\nFuncultura (inscri\u00e7\u00e3o na bio do instagram @festivalpernambucomeupa\u00eds)<br \/>\nEREM Devaldo Borges &#8211; Av. Joaquim Didier, 153 &#8211; Centro<br \/>\n23\/8 | 14h \u00e0s 18h &#8211; Tira d\u00favidas sobre presta\u00e7\u00e3o de contas e cadastro do CPC (Cadastro de Produtor Cultural)  <\/p>\n<p>23\/8 | 16h \u00e0s 18h &#8211; Oficinas sobre constru\u00e7\u00e3o de projetos e inscri\u00e7\u00e3o em editais estaduais <\/p>\n<p>P\u00e1tio de Eventos<br \/>\n22 e 23\/8 | 18h &#8211; Panfletagem Campanha Secretaria da Mulher<\/p>\n<p>Ag\u00eancia de Empreendedorismo de Pernambuco (AGE)<br \/>\n20 e 21\/8 | 9h \u00e0s 15h &#8211; Cr\u00e9dito facilitado com a AGE<\/p>\n<p>Secretaria de Desenvolvimento Profissional e Empreendedorismo (SEDEPE)<br \/>\n20 e 21\/8 |9h \u00e0s 15h &#8211; A\u00e7\u00f5es para o Empreendedor<\/p>\n<p>Secretaria de Desenvolvimento Agr\u00e1rio, Agricultura, Pecu\u00e1ria e Pesca<br \/>\nAudit\u00f3rio do ESMU do IPA em Gravat\u00e1 &#8211; Av. Cleto Campelo, 109, Centro<br \/>\n22\/8 | 9h \u00e0s 11h &#8211; Palestra: Uso Racional de Agrot\u00f3xico<\/p>\n<p>Detran\/PE<br \/>\nEscola Estadual Cleto Campelo &#8211; AV. Agamenon Magalh\u00e3es, s\/n\u00ba, Prado<br \/>\n22\/8 | 9h \u00e0s 11h &#8211; Palestra sobre Educa\u00e7\u00e3o no Tr\u00e2nsito<\/p>\n<p>P\u00e1tio de Eventos Chucre Mussa Zarzar<br \/>\n22\/8 | 18h \u00e0s 23h &#8211; Caminh\u00e3o Simulador<br \/>\n22\/8 | 18h \u00e0s 23h &#8211; Caminh\u00e3o Itinerante, com atendimento ao cidad\u00e3o<\/p>\n<p>Secretaria de Comunica\u00e7\u00e3o<br \/>\nEREM Devaldo Borges &#8211; Av. Joaquim Didier, 153 &#8211; Centro<br \/>\n22 a 24\/8 | 9h \u00e0s 21h &#8211; Estande da Cepe, com venda de livros<\/p>\n<p>Secretaria da Crian\u00e7a e Juventude<br \/>\nP\u00e1tio de Eventos Chucre Mussa Zarzar<br \/>\n22\/8| 18h &#8211; Campanha de Combate ao Abuso e Explora\u00e7\u00e3o Sexual de Crian\u00e7as e Adolescente<br \/>\nEREM Devaldo Borges &#8211; Av. Joaquim Didier, 153 &#8211; Centro<br \/>\n22\/8| 15h &#8211; Oficina Direitos da Juventude<\/p>\n<p>Secretaria de Desenvolvimento Econ\u00f4mico (SDEC-PE) &#8211; ADEPE<br \/>\n22 a 24\/8 | 16h &#8211; Unidade M\u00f3vel do Centro de Artesanato de Pernambuco<\/p>\n<p>_Texto: Assessoria de Comunica\u00e7\u00e3o Secretaria de Cultura de Pernambuco (Secult-PE) | Funda\u00e7\u00e3o do Patrim\u00f4nio Hist\u00f3rico e Art\u00edstico de Pernambuco (Fundarpe)_<br \/>\nFoto: Divulga\u00e7\u00e3o\/Secult-PE<\/p>\n","protected":false},"excerpt":{"rendered":"<p>Entre os dias 20 e 24 de agosto, Gravat\u00e1 se transforma em palco de um dos maiores encontros culturais do&hellip;<\/p>\n","protected":false},"author":1,"featured_media":122172,"comment_status":"closed","ping_status":"open","sticky":false,"template":"","format":"standard","meta":{"footnotes":""},"categories":[14120],"tags":[29440,27410,2,28801,34454],"class_list":["post-122171","post","type-post","status-publish","format-standard","has-post-thumbnail","hentry","category-noticias","tag-blog-com-mais-visualizacao","tag-blog-de-caruaru","tag-blog-do-edvaldo-magalhaes","tag-blog-mais-acessado","tag-confira-programacao-do-festival-pernambuco-meu-pais-em-gravata-de-20-a-24-de-agosto"],"_links":{"self":[{"href":"https:\/\/blogdoedvaldomagalhaes.com.br\/index.php\/wp-json\/wp\/v2\/posts\/122171","targetHints":{"allow":["GET"]}}],"collection":[{"href":"https:\/\/blogdoedvaldomagalhaes.com.br\/index.php\/wp-json\/wp\/v2\/posts"}],"about":[{"href":"https:\/\/blogdoedvaldomagalhaes.com.br\/index.php\/wp-json\/wp\/v2\/types\/post"}],"author":[{"embeddable":true,"href":"https:\/\/blogdoedvaldomagalhaes.com.br\/index.php\/wp-json\/wp\/v2\/users\/1"}],"replies":[{"embeddable":true,"href":"https:\/\/blogdoedvaldomagalhaes.com.br\/index.php\/wp-json\/wp\/v2\/comments?post=122171"}],"version-history":[{"count":2,"href":"https:\/\/blogdoedvaldomagalhaes.com.br\/index.php\/wp-json\/wp\/v2\/posts\/122171\/revisions"}],"predecessor-version":[{"id":122185,"href":"https:\/\/blogdoedvaldomagalhaes.com.br\/index.php\/wp-json\/wp\/v2\/posts\/122171\/revisions\/122185"}],"wp:featuredmedia":[{"embeddable":true,"href":"https:\/\/blogdoedvaldomagalhaes.com.br\/index.php\/wp-json\/wp\/v2\/media\/122172"}],"wp:attachment":[{"href":"https:\/\/blogdoedvaldomagalhaes.com.br\/index.php\/wp-json\/wp\/v2\/media?parent=122171"}],"wp:term":[{"taxonomy":"category","embeddable":true,"href":"https:\/\/blogdoedvaldomagalhaes.com.br\/index.php\/wp-json\/wp\/v2\/categories?post=122171"},{"taxonomy":"post_tag","embeddable":true,"href":"https:\/\/blogdoedvaldomagalhaes.com.br\/index.php\/wp-json\/wp\/v2\/tags?post=122171"}],"curies":[{"name":"wp","href":"https:\/\/api.w.org\/{rel}","templated":true}]}}