{"id":1220,"date":"2018-09-25T10:33:00","date_gmt":"2018-09-25T13:33:00","guid":{"rendered":"http:\/\/blogdoedvaldomagalhaes.com.br\/index.php\/2018\/09\/25\/marina-pacheco-atelier-lanca-primeira\/"},"modified":"2019-02-09T02:32:21","modified_gmt":"2019-02-09T04:32:21","slug":"marina-pacheco-atelier-lanca-primeira","status":"publish","type":"post","link":"https:\/\/blogdoedvaldomagalhaes.com.br\/index.php\/2018\/09\/25\/marina-pacheco-atelier-lanca-primeira\/","title":{"rendered":"Marina Pacheco Atelier lan\u00e7a primeira cole\u00e7\u00e3o de moda sustent\u00e1vel"},"content":{"rendered":"<div class=\"separator\" style=\"clear: both; text-align: center;\">\n<a href=\"https:\/\/4.bp.blogspot.com\/-Q-wNn7DfYk8\/W6oOfZU0TgI\/AAAAAAAA6m8\/hXEahhFg8tYoXIHQzgcz0gtOpEJqTlY6QCLcBGAs\/s1600\/IMG-20180925-WA0020.jpg\" imageanchor=\"1\" style=\"margin-left: 1em; margin-right: 1em;\"><img loading=\"lazy\" decoding=\"async\" border=\"0\" data-original-height=\"667\" data-original-width=\"1000\" height=\"426\" src=\"http:\/\/blogdoedvaldomagalhaes.com.br\/wp-content\/uploads\/2018\/09\/IMG-20180925-WA0020.jpg\" width=\"640\" \/><\/a><\/div>\n<p><\/p>\n<div style=\"text-align: justify;\">\nA Marina Pacheco Atelier acaba de lan\u00e7ar sua primeira cole\u00e7\u00e3o de moda autoral e sustent\u00e1vel. A marca, que pretende oferecer ao mercado o conceito de vestir uma pe\u00e7a\/obra de arte, dando prefer\u00eancia a tecidos de fibras naturais, de fontes renov\u00e1veis &#8211; como o linho, a seda e o algod\u00e3o &#8211; \u00e9 uma das novas empresas incubadas no Armaz\u00e9m da Criatividade, unidade avan\u00e7ada do Porto Digital em Caruaru.<\/div>\n<div style=\"text-align: justify;\">\n<\/div>\n<div class=\"separator\" style=\"clear: both; text-align: center;\">\n<a href=\"https:\/\/3.bp.blogspot.com\/-o3AbmXgKXEs\/W6oPjzHfwnI\/AAAAAAAA6nY\/QIxhNrm7L0Akg2gAmHJmtSNQM1ffac8sQCLcBGAs\/s1600\/1.jpg\" imageanchor=\"1\" style=\"margin-left: 1em; margin-right: 1em;\"><img loading=\"lazy\" decoding=\"async\" border=\"0\" data-original-height=\"213\" data-original-width=\"320\" height=\"426\" src=\"http:\/\/blogdoedvaldomagalhaes.com.br\/wp-content\/uploads\/2018\/09\/1-8.jpg\" width=\"640\" \/><\/a><\/div>\n<div style=\"text-align: justify;\">\n<\/div>\n<div style=\"text-align: justify;\">\nO editorial de moda tem como loca\u00e7\u00e3o o Instituto Ricardo Brennand, localizado no Recife e considerado um dos maiores museus da Am\u00e9rica Latina. O lan\u00e7amento acontecer\u00e1 nas redes sociais da marca (@marinapachecoatelier) e na internet. As vendas j\u00e1 iniciaram pelo Instagram, e em breve, no site oficial e lojas colaborativas, tanto no Recife e quanto em Caruaru.<\/div>\n<div style=\"text-align: justify;\">\n<\/div>\n<div class=\"separator\" style=\"clear: both; text-align: center;\">\n<a href=\"https:\/\/4.bp.blogspot.com\/-T3JniRU7Wrs\/W6oPooThrSI\/AAAAAAAA6nc\/KmHulaY0OF4buP6Xn1i9a-pDtSI6iS2gQCLcBGAs\/s1600\/3.jpg\" imageanchor=\"1\" style=\"margin-left: 1em; margin-right: 1em;\"><img loading=\"lazy\" decoding=\"async\" border=\"0\" data-original-height=\"320\" data-original-width=\"213\" height=\"640\" src=\"http:\/\/blogdoedvaldomagalhaes.com.br\/wp-content\/uploads\/2018\/09\/3-8.jpg\" width=\"426\" \/><\/a><\/div>\n<div style=\"text-align: justify;\">\n<\/div>\n<div style=\"text-align: justify;\">\nA cole\u00e7\u00e3o foi toda inspirada nos mestres pintores Frida Kahlo, Vincent Van Gogh, Salvador Dal\u00ed e Claude Monet. As estampas s\u00e3o releituras de seus autorretratos e algumas de suas obras, pintadas pela criadora primeiramente \u00e0 m\u00e3o, em algumas pe\u00e7as direto no tecido; e, em outras, as pinturas s\u00e3o feitas em impress\u00e3o digital ou sublima\u00e7\u00e3o.<\/div>\n<div style=\"text-align: justify;\">\n<\/div>\n<div class=\"separator\" style=\"clear: both; text-align: center;\">\n<a href=\"https:\/\/3.bp.blogspot.com\/-5YrzDO5GGuE\/W6oPvJyWl7I\/AAAAAAAA6ng\/U7FCFz-dqvgBkTjupwKUyVYc3tB419bvwCLcBGAs\/s1600\/2.jpg\" imageanchor=\"1\" style=\"margin-left: 1em; margin-right: 1em;\"><img loading=\"lazy\" decoding=\"async\" border=\"0\" data-original-height=\"320\" data-original-width=\"213\" height=\"640\" src=\"http:\/\/blogdoedvaldomagalhaes.com.br\/wp-content\/uploads\/2018\/09\/2-10.jpg\" width=\"426\" \/><\/a><\/div>\n<div style=\"text-align: justify;\">\n<\/div>\n<div style=\"text-align: justify;\">\n&#8220;A ideia \u00e9 produzir moda atemporal que valorize todo o processo e cadeia produtiva; fazer crescer e valorizar o mercado do reuso e do consumo consciente ao produzir pe\u00e7as com mais qualidade e menos quantidade\u201d, destaca a criadora da marca, Marina Pacheco. &#8220;\u00c9 importante gerar conex\u00e3o afetiva entre o consumidor e as pe\u00e7as para evitar desperd\u00edcio e diminuir os res\u00edduos, j\u00e1 que a ind\u00fastria da moda \u00e9 a segunda do Brasil e quinta maior ind\u00fastria poluidora do mundo. Essa consci\u00eancia \u00e9 fundamental para o futuro do planeta.&#8221;<\/div>\n<div style=\"text-align: justify;\">\n<\/div>\n<div style=\"text-align: justify;\">\n<b>MARINA PACHECO <\/b>&#8211; Arquiteta, figurinista e diretora de arte pernambucana. Iniciou sua carreira no teatro e cinema, sendo seu trabalho de destaque para o espet\u00e1culo da Paix\u00e3o de Cristo de Nova Jerusal\u00e9m. Em 2018, come\u00e7ou a desenvolver seu projeto de moda \u2013 Marina Pacheco Atelier.<\/div>\n<div style=\"text-align: justify;\">\n<\/div>\n<div style=\"text-align: justify;\">\nPra mais informa\u00e7\u00f5es, segue contatos:<\/div>\n<div style=\"text-align: justify;\">\n<\/div>\n<div style=\"text-align: justify;\">\nMarina Pacheco<\/div>\n<div style=\"text-align: justify;\">\n(81) 9 8234-8354<\/div>\n<div style=\"text-align: justify;\">\nmarinaguldepacheco@gmail.com<\/div>\n","protected":false},"excerpt":{"rendered":"<p>A Marina Pacheco Atelier acaba de lan\u00e7ar sua primeira cole\u00e7\u00e3o de moda autoral e sustent\u00e1vel. A marca, que pretende oferecer&hellip;<\/p>\n","protected":false},"author":1,"featured_media":0,"comment_status":"open","ping_status":"open","sticky":false,"template":"","format":"standard","meta":{"footnotes":""},"categories":[1],"tags":[2,1178,6],"class_list":["post-1220","post","type-post","status-publish","format-standard","hentry","category-sem-categoria","tag-blog-do-edvaldo-magalhaes","tag-marina-pacheco-atelier-lanca-primeira-colecao-de-moda-sustentavel","tag-noticias"],"_links":{"self":[{"href":"https:\/\/blogdoedvaldomagalhaes.com.br\/index.php\/wp-json\/wp\/v2\/posts\/1220","targetHints":{"allow":["GET"]}}],"collection":[{"href":"https:\/\/blogdoedvaldomagalhaes.com.br\/index.php\/wp-json\/wp\/v2\/posts"}],"about":[{"href":"https:\/\/blogdoedvaldomagalhaes.com.br\/index.php\/wp-json\/wp\/v2\/types\/post"}],"author":[{"embeddable":true,"href":"https:\/\/blogdoedvaldomagalhaes.com.br\/index.php\/wp-json\/wp\/v2\/users\/1"}],"replies":[{"embeddable":true,"href":"https:\/\/blogdoedvaldomagalhaes.com.br\/index.php\/wp-json\/wp\/v2\/comments?post=1220"}],"version-history":[{"count":1,"href":"https:\/\/blogdoedvaldomagalhaes.com.br\/index.php\/wp-json\/wp\/v2\/posts\/1220\/revisions"}],"predecessor-version":[{"id":34343,"href":"https:\/\/blogdoedvaldomagalhaes.com.br\/index.php\/wp-json\/wp\/v2\/posts\/1220\/revisions\/34343"}],"wp:attachment":[{"href":"https:\/\/blogdoedvaldomagalhaes.com.br\/index.php\/wp-json\/wp\/v2\/media?parent=1220"}],"wp:term":[{"taxonomy":"category","embeddable":true,"href":"https:\/\/blogdoedvaldomagalhaes.com.br\/index.php\/wp-json\/wp\/v2\/categories?post=1220"},{"taxonomy":"post_tag","embeddable":true,"href":"https:\/\/blogdoedvaldomagalhaes.com.br\/index.php\/wp-json\/wp\/v2\/tags?post=1220"}],"curies":[{"name":"wp","href":"https:\/\/api.w.org\/{rel}","templated":true}]}}