{"id":1219,"date":"2018-09-25T15:48:00","date_gmt":"2018-09-25T18:48:00","guid":{"rendered":"http:\/\/blogdoedvaldomagalhaes.com.br\/index.php\/2018\/09\/25\/assaltantes-invadem-agencia-dos\/"},"modified":"2019-02-09T02:32:21","modified_gmt":"2019-02-09T04:32:21","slug":"assaltantes-invadem-agencia-dos","status":"publish","type":"post","link":"https:\/\/blogdoedvaldomagalhaes.com.br\/index.php\/2018\/09\/25\/assaltantes-invadem-agencia-dos\/","title":{"rendered":"Assaltantes invadem ag\u00eancia dos Correios e roubam malote em Agrestina"},"content":{"rendered":"<div class=\"separator\" style=\"clear: both; text-align: center;\">\n<a href=\"https:\/\/1.bp.blogspot.com\/-IlgbQPcb1mo\/W6pXem1thSI\/AAAAAAAA6n8\/auUUgbmdDTEUjKMZ7hHmfU-DZWYlLo5GwCLcBGAs\/s1600\/correios.jpg\" imageanchor=\"1\" style=\"margin-left: 1em; margin-right: 1em;\"><img loading=\"lazy\" decoding=\"async\" border=\"0\" data-original-height=\"960\" data-original-width=\"720\" height=\"640\" src=\"http:\/\/blogdoedvaldomagalhaes.com.br\/wp-content\/uploads\/2018\/09\/correios.jpg\" width=\"480\" \/><\/a><\/div>\n<p>\nNa manh\u00e3 desta ter\u00e7a-feira (25), dois assaltantes fortemente armados assaltam a ag\u00eancia dos Correios no centro de Agrestina.<br style=\"background-color: white; box-sizing: border-box; text-align: justify;\" \/><br style=\"background-color: white; box-sizing: border-box; text-align: justify;\" \/>Segundo informa\u00e7\u00f5es, o carro forte estava realizando o abastecimento de c\u00e9dulas, ap\u00f3s o carro ir embora, os assaltantes entraram na ag\u00eancia e realizaram o assalto, levando assim todo o dinheiro que o carro forte tinha deixado, al\u00e9m de objetos e dinheiro das pessoas que estavam esperando atendimento.&nbsp;<\/p>\n<div class=\"separator\" style=\"clear: both; text-align: center;\">\n<a href=\"https:\/\/1.bp.blogspot.com\/-k1Op86IKXkk\/W6pXshJ7UkI\/AAAAAAAA6oA\/tCnhSzTggDcX7CFaoHEOfCoxKpHhrtFOQCLcBGAs\/s1600\/agrtina.jpg\" imageanchor=\"1\" style=\"margin-left: 1em; margin-right: 1em;\"><img loading=\"lazy\" decoding=\"async\" border=\"0\" data-original-height=\"960\" data-original-width=\"720\" height=\"640\" src=\"http:\/\/blogdoedvaldomagalhaes.com.br\/wp-content\/uploads\/2018\/09\/agrtina.jpg\" width=\"480\" \/><\/a><\/div>\n<p><\/p>\n<div style=\"background-color: white; box-sizing: border-box; text-align: justify;\">\nAp\u00f3s minutos do assalto, um helic\u00f3ptero da Secretaria de Defesa Social come\u00e7ou sobrevoar o munic\u00edpio&nbsp;e realizar a cobertura de outro carro forte que estava abastecendo a ag\u00eancia do Bradesco.&nbsp;<\/div>\n<div style=\"background-color: white; box-sizing: border-box; text-align: justify;\">\n<br style=\"box-sizing: border-box;\" \/><\/div>\n<div style=\"background-color: white; box-sizing: border-box; text-align: justify;\">\nAt\u00e9 o momento, ningu\u00e9m foi preso e n\u00e3o foi divulgado nenhuma imagem das c\u00e2meras de seguran\u00e7as.<\/div>\n<div style=\"background-color: white; box-sizing: border-box; text-align: justify;\">\n<\/div>\n<div style=\"background-color: white; box-sizing: border-box; text-align: justify;\">\nFonte: Blog Gleyson Jos\u00e9.<\/div>\n","protected":false},"excerpt":{"rendered":"<p>Na manh\u00e3 desta ter\u00e7a-feira (25), dois assaltantes fortemente armados assaltam a ag\u00eancia dos Correios no centro de Agrestina.Segundo informa\u00e7\u00f5es, o&hellip;<\/p>\n","protected":false},"author":1,"featured_media":0,"comment_status":"open","ping_status":"open","sticky":false,"template":"","format":"standard","meta":{"footnotes":""},"categories":[1],"tags":[1177,2,13],"class_list":["post-1219","post","type-post","status-publish","format-standard","hentry","category-sem-categoria","tag-assaltantes-invadem-agencia-dos-correios-e-roubam-malote-em-agrestina","tag-blog-do-edvaldo-magalhaes","tag-policial"],"_links":{"self":[{"href":"https:\/\/blogdoedvaldomagalhaes.com.br\/index.php\/wp-json\/wp\/v2\/posts\/1219","targetHints":{"allow":["GET"]}}],"collection":[{"href":"https:\/\/blogdoedvaldomagalhaes.com.br\/index.php\/wp-json\/wp\/v2\/posts"}],"about":[{"href":"https:\/\/blogdoedvaldomagalhaes.com.br\/index.php\/wp-json\/wp\/v2\/types\/post"}],"author":[{"embeddable":true,"href":"https:\/\/blogdoedvaldomagalhaes.com.br\/index.php\/wp-json\/wp\/v2\/users\/1"}],"replies":[{"embeddable":true,"href":"https:\/\/blogdoedvaldomagalhaes.com.br\/index.php\/wp-json\/wp\/v2\/comments?post=1219"}],"version-history":[{"count":1,"href":"https:\/\/blogdoedvaldomagalhaes.com.br\/index.php\/wp-json\/wp\/v2\/posts\/1219\/revisions"}],"predecessor-version":[{"id":34346,"href":"https:\/\/blogdoedvaldomagalhaes.com.br\/index.php\/wp-json\/wp\/v2\/posts\/1219\/revisions\/34346"}],"wp:attachment":[{"href":"https:\/\/blogdoedvaldomagalhaes.com.br\/index.php\/wp-json\/wp\/v2\/media?parent=1219"}],"wp:term":[{"taxonomy":"category","embeddable":true,"href":"https:\/\/blogdoedvaldomagalhaes.com.br\/index.php\/wp-json\/wp\/v2\/categories?post=1219"},{"taxonomy":"post_tag","embeddable":true,"href":"https:\/\/blogdoedvaldomagalhaes.com.br\/index.php\/wp-json\/wp\/v2\/tags?post=1219"}],"curies":[{"name":"wp","href":"https:\/\/api.w.org\/{rel}","templated":true}]}}