{"id":121860,"date":"2025-08-09T12:02:32","date_gmt":"2025-08-09T15:02:32","guid":{"rendered":"https:\/\/blogdoedvaldomagalhaes.com.br\/?p=121860"},"modified":"2025-08-09T12:21:18","modified_gmt":"2025-08-09T15:21:18","slug":"governo-de-pernambuco-lancara-licitacao-do-aeroporto-de-caruaru","status":"publish","type":"post","link":"https:\/\/blogdoedvaldomagalhaes.com.br\/index.php\/2025\/08\/09\/governo-de-pernambuco-lancara-licitacao-do-aeroporto-de-caruaru\/","title":{"rendered":"Governo de Pernambuco lan\u00e7ar\u00e1 licita\u00e7\u00e3o do Aeroporto de Caruaru"},"content":{"rendered":"<p>O Governo de Pernambuco, por meio da Secretaria de Mobilidade e Infraestrutura (Semobi), lan\u00e7ar\u00e1 o edital de licita\u00e7\u00e3o para requalifica\u00e7\u00e3o do Aeroporto Oscar Laranjeira, em Caruaru, no Agreste Central. Essa \u00e9 mais uma etapa para que as obras de moderniza\u00e7\u00e3o e amplia\u00e7\u00e3o possam acontecer.<\/p>\n<p>&#8220;A requalifica\u00e7\u00e3o do Aeroporto de Caruaru foi um compromisso assumido na nossa gest\u00e3o e que ganha mais uma etapa agora. Tamb\u00e9m estamos cuidando do Aeroporto de Fernando de Noronha e avan\u00e7ando em outras in\u00fameras obras estruturais a partir da requalifica\u00e7\u00e3o de estradas e de obras h\u00eddricas&#8221;, afirmou a governadora Raquel Lyra.<\/p>\n<p>O projeto prev\u00ea investimentos na pista de pouso e decolagem para o recebimento de aeronaves de maior porte, amplia\u00e7\u00e3o do p\u00e1tio de aeronaves e constru\u00e7\u00e3o de um novo estacionamento. A licita\u00e7\u00e3o traz a previs\u00e3o de R$ 138 milh\u00f5es investidos nas obras do aeroporto.<\/p>\n<p>\u201cO Aeroporto Oscar Laranjeira \u00e9 uma entrega importante e estrat\u00e9gica da gest\u00e3o Raquel Lyra, n\u00e3o s\u00f3 para Caruaru, mas para todo o Agreste e tamb\u00e9m para o nosso Polo de Confec\u00e7\u00f5es. Esse investimento \u00e9 importante porque vai ampliar e modernizar a unidade, garantindo mais desenvolvimento econ\u00f4mico para toda a regi\u00e3o\u201d, destacou o secret\u00e1rio de Mobilidade e Infraestrutura, Andr\u00e9 Teixeira Filho.<\/p>\n<p>Desde o in\u00edcio da gest\u00e3o Raquel Lyra, os investimentos na unidade foram retomados. Entre eles, a instala\u00e7\u00e3o do balizamento noturno, melhorias na pista de pouso e decolagem, e refor\u00e7o no sistema de combate a inc\u00eandio.<\/p>\n<p>A unidade faz parte do sistema aeroportu\u00e1rio de Pernambuco e \u00e9 primordial para o desenvolvimento econ\u00f4mico da regi\u00e3o, bem como para o fortalecimento da avia\u00e7\u00e3o regional.<br \/>\nSeja seguidor do Instagram do Blog pelo @blogdoedvaldomagalhaes<br \/>\nFoto: Jana\u00edna Pepeu\/Secom<\/p>\n<p><img loading=\"lazy\" decoding=\"async\" src=\"https:\/\/blogdoedvaldomagalhaes.com.br\/wp-content\/uploads\/2025\/08\/img-20250809-wa00413653601160904370448.jpg\" class=\"wp-image-121865 alignnone size-full\" width=\"1280\" height=\"1028\" srcset=\"https:\/\/blogdoedvaldomagalhaes.com.br\/wp-content\/uploads\/2025\/08\/img-20250809-wa00413653601160904370448.jpg 1280w, https:\/\/blogdoedvaldomagalhaes.com.br\/wp-content\/uploads\/2025\/08\/img-20250809-wa00413653601160904370448-300x241.jpg 300w, https:\/\/blogdoedvaldomagalhaes.com.br\/wp-content\/uploads\/2025\/08\/img-20250809-wa00413653601160904370448-1024x822.jpg 1024w, https:\/\/blogdoedvaldomagalhaes.com.br\/wp-content\/uploads\/2025\/08\/img-20250809-wa00413653601160904370448-768x617.jpg 768w\" sizes=\"auto, (max-width: 1280px) 100vw, 1280px\" \/>Foto: Bruno Costa<\/p>\n","protected":false},"excerpt":{"rendered":"<p>O Governo de Pernambuco, por meio da Secretaria de Mobilidade e Infraestrutura (Semobi), lan\u00e7ar\u00e1 o edital de licita\u00e7\u00e3o para requalifica\u00e7\u00e3o&hellip;<\/p>\n","protected":false},"author":1,"featured_media":121863,"comment_status":"closed","ping_status":"open","sticky":false,"template":"","format":"standard","meta":{"footnotes":""},"categories":[14122],"tags":[30592,27410,2,28801,20,1229],"class_list":["post-121860","post","type-post","status-publish","format-standard","has-post-thumbnail","hentry","category-politica","tag-blog-com-mais-seguidores","tag-blog-de-caruaru","tag-blog-do-edvaldo-magalhaes","tag-blog-mais-acessado","tag-politica","tag-raquel-lyra"],"_links":{"self":[{"href":"https:\/\/blogdoedvaldomagalhaes.com.br\/index.php\/wp-json\/wp\/v2\/posts\/121860","targetHints":{"allow":["GET"]}}],"collection":[{"href":"https:\/\/blogdoedvaldomagalhaes.com.br\/index.php\/wp-json\/wp\/v2\/posts"}],"about":[{"href":"https:\/\/blogdoedvaldomagalhaes.com.br\/index.php\/wp-json\/wp\/v2\/types\/post"}],"author":[{"embeddable":true,"href":"https:\/\/blogdoedvaldomagalhaes.com.br\/index.php\/wp-json\/wp\/v2\/users\/1"}],"replies":[{"embeddable":true,"href":"https:\/\/blogdoedvaldomagalhaes.com.br\/index.php\/wp-json\/wp\/v2\/comments?post=121860"}],"version-history":[{"count":3,"href":"https:\/\/blogdoedvaldomagalhaes.com.br\/index.php\/wp-json\/wp\/v2\/posts\/121860\/revisions"}],"predecessor-version":[{"id":121866,"href":"https:\/\/blogdoedvaldomagalhaes.com.br\/index.php\/wp-json\/wp\/v2\/posts\/121860\/revisions\/121866"}],"wp:featuredmedia":[{"embeddable":true,"href":"https:\/\/blogdoedvaldomagalhaes.com.br\/index.php\/wp-json\/wp\/v2\/media\/121863"}],"wp:attachment":[{"href":"https:\/\/blogdoedvaldomagalhaes.com.br\/index.php\/wp-json\/wp\/v2\/media?parent=121860"}],"wp:term":[{"taxonomy":"category","embeddable":true,"href":"https:\/\/blogdoedvaldomagalhaes.com.br\/index.php\/wp-json\/wp\/v2\/categories?post=121860"},{"taxonomy":"post_tag","embeddable":true,"href":"https:\/\/blogdoedvaldomagalhaes.com.br\/index.php\/wp-json\/wp\/v2\/tags?post=121860"}],"curies":[{"name":"wp","href":"https:\/\/api.w.org\/{rel}","templated":true}]}}