{"id":121857,"date":"2025-08-09T11:27:00","date_gmt":"2025-08-09T14:27:00","guid":{"rendered":"https:\/\/blogdoedvaldomagalhaes.com.br\/?p=121857"},"modified":"2025-08-09T11:27:00","modified_gmt":"2025-08-09T14:27:00","slug":"programa-prefeitura-na-porta-chega-ao-residencial-alto-do-moura-a-partir-desta-segunda-feira-11","status":"publish","type":"post","link":"https:\/\/blogdoedvaldomagalhaes.com.br\/index.php\/2025\/08\/09\/programa-prefeitura-na-porta-chega-ao-residencial-alto-do-moura-a-partir-desta-segunda-feira-11\/","title":{"rendered":"Programa \u201cPrefeitura na Porta\u201d chega ao Residencial Alto do Moura a partir desta segunda-feira (11)"},"content":{"rendered":"<p>A Secretaria de Servi\u00e7os P\u00fablicos, d\u00e1 continuidade ao programa \u201cPrefeitura na Porta\u201d e, a partir da pr\u00f3xima segunda-feira (11), levar\u00e1 todos os servi\u00e7os de limpeza e zeladoria ao Residencial Alto do Moura. Entre as a\u00e7\u00f5es previstas, est\u00e3o: poda, ilumina\u00e7\u00e3o, capina\u00e7\u00e3o, retirada de entulhos, al\u00e9m da presen\u00e7a da AME Animal com o castram\u00f3vel. <\/p>\n<p>O objetivo do programa \u00e9 promover melhorias significativas na manuten\u00e7\u00e3o urbana, refor\u00e7ando os servi\u00e7os que j\u00e1 s\u00e3o realizados de forma cont\u00ednua pela Prefeitura. A cada edi\u00e7\u00e3o, um novo bairro recebe as a\u00e7\u00f5es garantindo mais qualidade de vida \u00e0 popula\u00e7\u00e3o.<\/p>\n<p>\u201cA presen\u00e7a do Prefeitura na Porta refor\u00e7a o nosso compromisso com a escuta ativa e o cuidado em cada bairro de Caruaru. \u00c9 uma oportunidade de intensificar os servi\u00e7os e atender as demandas de limpeza das localidades. Al\u00e9m disso, refor\u00e7amos que \u00e9 essencial a contribui\u00e7\u00e3o da popula\u00e7\u00e3o para manter a limpeza das vias e espa\u00e7os p\u00fablicos\u201d, destacou o secret\u00e1rio de Servi\u00e7os P\u00fablicos, Vital Flor\u00eancio.<br \/>\nSiga o Instagram do Blog pelo @blogdoedvaldomagalhaes<br \/>\nFoto: Divulga\u00e7\u00e3o\/Secom<\/p>\n","protected":false},"excerpt":{"rendered":"<p>A Secretaria de Servi\u00e7os P\u00fablicos, d\u00e1 continuidade ao programa \u201cPrefeitura na Porta\u201d e, a partir da pr\u00f3xima segunda-feira (11), levar\u00e1&hellip;<\/p>\n","protected":false},"author":1,"featured_media":121858,"comment_status":"closed","ping_status":"open","sticky":false,"template":"","format":"standard","meta":{"footnotes":""},"categories":[14120],"tags":[29440,27410,13146,28801,34363],"class_list":["post-121857","post","type-post","status-publish","format-standard","has-post-thumbnail","hentry","category-noticias","tag-blog-com-mais-visualizacao","tag-blog-de-caruaru","tag-blog-edvaldo-magalhaes","tag-blog-mais-acessado","tag-programa-prefeitura-na-porta-chega-ao-residencial-alto-do-moura-a-partir-desta-segunda-feira-11"],"_links":{"self":[{"href":"https:\/\/blogdoedvaldomagalhaes.com.br\/index.php\/wp-json\/wp\/v2\/posts\/121857","targetHints":{"allow":["GET"]}}],"collection":[{"href":"https:\/\/blogdoedvaldomagalhaes.com.br\/index.php\/wp-json\/wp\/v2\/posts"}],"about":[{"href":"https:\/\/blogdoedvaldomagalhaes.com.br\/index.php\/wp-json\/wp\/v2\/types\/post"}],"author":[{"embeddable":true,"href":"https:\/\/blogdoedvaldomagalhaes.com.br\/index.php\/wp-json\/wp\/v2\/users\/1"}],"replies":[{"embeddable":true,"href":"https:\/\/blogdoedvaldomagalhaes.com.br\/index.php\/wp-json\/wp\/v2\/comments?post=121857"}],"version-history":[{"count":1,"href":"https:\/\/blogdoedvaldomagalhaes.com.br\/index.php\/wp-json\/wp\/v2\/posts\/121857\/revisions"}],"predecessor-version":[{"id":121859,"href":"https:\/\/blogdoedvaldomagalhaes.com.br\/index.php\/wp-json\/wp\/v2\/posts\/121857\/revisions\/121859"}],"wp:featuredmedia":[{"embeddable":true,"href":"https:\/\/blogdoedvaldomagalhaes.com.br\/index.php\/wp-json\/wp\/v2\/media\/121858"}],"wp:attachment":[{"href":"https:\/\/blogdoedvaldomagalhaes.com.br\/index.php\/wp-json\/wp\/v2\/media?parent=121857"}],"wp:term":[{"taxonomy":"category","embeddable":true,"href":"https:\/\/blogdoedvaldomagalhaes.com.br\/index.php\/wp-json\/wp\/v2\/categories?post=121857"},{"taxonomy":"post_tag","embeddable":true,"href":"https:\/\/blogdoedvaldomagalhaes.com.br\/index.php\/wp-json\/wp\/v2\/tags?post=121857"}],"curies":[{"name":"wp","href":"https:\/\/api.w.org\/{rel}","templated":true}]}}