{"id":121854,"date":"2025-08-09T11:12:35","date_gmt":"2025-08-09T14:12:35","guid":{"rendered":"https:\/\/blogdoedvaldomagalhaes.com.br\/?p=121854"},"modified":"2025-08-09T11:12:35","modified_gmt":"2025-08-09T14:12:35","slug":"semana-do-patrimonio-sera-celebrada-com-programacao-especial-em-caruaru","status":"publish","type":"post","link":"https:\/\/blogdoedvaldomagalhaes.com.br\/index.php\/2025\/08\/09\/semana-do-patrimonio-sera-celebrada-com-programacao-especial-em-caruaru\/","title":{"rendered":"Semana do Patrim\u00f4nio ser\u00e1 celebrada com programa\u00e7\u00e3o especial em Caruaru"},"content":{"rendered":"<p>Em homenagem ao Dia Nacional do Patrim\u00f4nio Hist\u00f3rico e Cultural, celebrado no dia 17 de agosto, Caruaru receber\u00e1, na pr\u00f3xima semana, uma programa\u00e7\u00e3o inteiramente dedicada \u00e0 valoriza\u00e7\u00e3o de sua mem\u00f3ria e identidade. Promovida pela Prefeitura de Caruaru, por meio da Funda\u00e7\u00e3o de Cultura, a programa\u00e7\u00e3o contar\u00e1 com lan\u00e7amentos art\u00edsticos, rodas de di\u00e1logo, palestras, caminhada cultural e outras atividades que refor\u00e7am a import\u00e2ncia da preserva\u00e7\u00e3o do patrim\u00f4nio material e imaterial da cidade.<\/p>\n<p>A abertura acontece na pr\u00f3xima segunda-feira (11), \u00e0s 9h, com o lan\u00e7amento do livro \u201cHomenageados do S\u00e3o Jo\u00e3o de Caruaru: 1995 a 2025&#8243;, de H\u00e9rlon Cavalcanti e George Pereira. O evento tamb\u00e9m marca a abertura de uma exposi\u00e7\u00e3o na Funda\u00e7\u00e3o de Cultura sobre os homenageados ao longo dos anos e inclui um debate com os autores.<\/p>\n<p>De segunda a sexta-feira (15), a Biblioteca Municipal \u00c1lvaro Lins tamb\u00e9m ser\u00e1 palco de rodas de di\u00e1logo entre patrim\u00f4nios vivos de Caruaru e estudantes da rede municipal. Os encontros ser\u00e3o organizados por temas, como M\u00fasica, Humor, Cultura Popular, Identidade Religiosa e Gastronomia, promovendo a troca de saberes entre gera\u00e7\u00f5es e fortalecendo a constru\u00e7\u00e3o da mem\u00f3ria coletiva.<\/p>\n<p>Na ter\u00e7a-feira (12), \u00e0s 10h, tamb\u00e9m ser\u00e1 lan\u00e7ado um document\u00e1rio sobre os patrim\u00f4nios vivos da cidade, com a presen\u00e7a dos homenageados, na sede da Funda\u00e7\u00e3o de Cultura. O filme traz depoimentos e registros que refor\u00e7am o valor simb\u00f3lico dessas personalidades para a hist\u00f3ria local e ser\u00e1 reexibido no domingo (17), para encerrar a programa\u00e7\u00e3o.<\/p>\n<p>Al\u00e9m disso, ao longo da semana, ser\u00e3o realizadas outras atividades, como caf\u00e9 da manh\u00e3 em celebra\u00e7\u00e3o ao anivers\u00e1rio de 97 anos do Mestre Onildo Almeida; palestras sobre a hist\u00f3ria da Esta\u00e7\u00e3o Ferrovi\u00e1ria de Caruaru e sobre o Espa\u00e7o Cultural Tancredo Neves; e uma Caminhada Cultural que percorrer\u00e1 importantes pontos da arquitetura hist\u00f3rica da cidade. <\/p>\n<p>*Confira a programa\u00e7\u00e3o completa:*<\/p>\n<p>* *Segunda-feira (11)*<\/p>\n<p>*9h &#8211; Abertura da exposi\u00e7\u00e3o e lan\u00e7amento do livro \u2018Homenageados do S\u00e3o Jo\u00e3o de Caruaru: 1995 a 2025\u2019*<br \/>\nLocal: Funda\u00e7\u00e3o de Cultura de Caruaru<br \/>\n_Debate com os autores do livro: H\u00e9rlon Cavalcanti e George Pereira_<\/p>\n<p>*19h &#8211; Roda de di\u00e1logo com patrim\u00f4nios vivos de Caruaru*<br \/>\nLocal: Biblioteca Municipal \u00c1lvaro Lins<br \/>\nParticipantes: Gilvan Neves, Onildo Almeida, Azul\u00e3o, Joana Ang\u00e9lica e Walmir Silva<br \/>\nConvidados: Estudantes da Escola Municipal Gianete Silva<\/p>\n<p>* *Ter\u00e7a-feira (12)*<\/p>\n<p>*10h &#8211; Lan\u00e7amento do document\u00e1rio sobre patrim\u00f4nios vivos de Caruaru*<br \/>\nLocal: Funda\u00e7\u00e3o de Cultura de Caruaru<br \/>\n_Presen\u00e7a dos homenageados do document\u00e1rio_<\/p>\n<p>*19h &#8211; Roda de di\u00e1logo com patrim\u00f4nios vivos de Caruaru*<br \/>\nLocal: Biblioteca Municipal \u00c1lvaro Lins<br \/>\nParticipantes: Maria do Bolo, Augusto Eventos, Coronel Corn\u00e9lio e M\u00e3e Nem de Xang\u00f4<br \/>\nConvidados: Estudantes da Escola Municipal Pedro de Souza<\/p>\n<p>* *Quarta-feira (13)*<\/p>\n<p>*7h &#8211; Anivers\u00e1rio do Mestre Onildo Almeida*<br \/>\nLocal: Casa de Onildo (R. Couto Magalh\u00e3es, N\u00ba 60, bairro Maur\u00edcio de Nassau)<br \/>\n_Caf\u00e9 cultural com artistas da cidade_<\/p>\n<p>*19h &#8211; Roda de di\u00e1logo com patrim\u00f4nios vivos de Caruaru*<br \/>\nLocal: Biblioteca Municipal \u00c1lvaro Lins<br \/>\nParticipantes: Luiz Ant\u00f4nio, Socorro Rodrigues, Terezinha Gonzaga e Fam\u00edlia Vitalino<br \/>\nConvidados: Estudantes da Escola Municipal Kerm\u00f3genes Dias<\/p>\n<p>* *Quinta-feira (14)*<\/p>\n<p>*10h &#8211; Palestra sobre 130 anos da Esta\u00e7\u00e3o Ferrovi\u00e1ria de Caruaru*<br \/>\nLocal: Biblioteca Municipal \u00c1lvaro Lins<br \/>\nPalestrante: George Pereira<\/p>\n<p>*19h &#8211; Roda de di\u00e1logo com patrim\u00f4nios vivos de Caruaru*<br \/>\nLocal: Biblioteca Municipal \u00c1lvaro Lins<br \/>\nParticipantes: Jo\u00e3o do Pife, Coral Madrigal e Vav\u00e1 do Pife<br \/>\nConvidados: Estudantes da Escola Municipal Augusto Tabosa<\/p>\n<p>* *Sexta-feira (15)*<\/p>\n<p>*10h &#8211; Palestra sobre 40 anos do Espa\u00e7o Cultural Tancredo Neves e 90 anos da F\u00e1brica Caro\u00e1*<br \/>\nLocal: Biblioteca Municipal \u00c1lvaro Lins<br \/>\nPalestrante: Jos\u00e9 Urbano<\/p>\n<p>*19h &#8211; Roda de di\u00e1logo com patrim\u00f4nios vivos de Caruaru*<br \/>\nLocal: Biblioteca Municipal \u00c1lvaro Lins<br \/>\nParticipantes: Roberto Gercino (Boi Tira-Teima), Ivete Cairo e Seb\u00e1<br \/>\nConvidados: Estudantes da Escola Municipal Luiz Pessoa<\/p>\n<p>* *S\u00e1bado (16)*<\/p>\n<p>*9h &#8211; Caminhada Cultural*<br \/>\nTema: Arquitetura hist\u00f3rica<br \/>\nProfessores: George Pereira e Jos\u00e9 Urbano<br \/>\nPartida: Funda\u00e7\u00e3o de Cultura de Caruaru<br \/>\nRoteiro: Esta\u00e7\u00e3o Ferrovi\u00e1ria, Igreja da Concei\u00e7\u00e3o, Marco Zero, Pal\u00e1cio Episcopal e Igreja da Catedral<\/p>\n<p>* *Domingo (17)*<\/p>\n<p>*10h &#8211; Exibi\u00e7\u00e3o do document\u00e1rio de Patrim\u00f4nios Vivos*<br \/>\nLocal: Biblioteca Municipal \u00c1lvaro Lins<br \/>\nSiga o Instagram do Blog pelo @blogdoedvaldomagalhaes<br \/>\nFoto: Divulga\u00e7\u00e3o <\/p>\n","protected":false},"excerpt":{"rendered":"<p>Em homenagem ao Dia Nacional do Patrim\u00f4nio Hist\u00f3rico e Cultural, celebrado no dia 17 de agosto, Caruaru receber\u00e1, na pr\u00f3xima&hellip;<\/p>\n","protected":false},"author":1,"featured_media":121855,"comment_status":"closed","ping_status":"open","sticky":false,"template":"","format":"standard","meta":{"footnotes":""},"categories":[14120],"tags":[30592,27410,2,28801,34362],"class_list":["post-121854","post","type-post","status-publish","format-standard","has-post-thumbnail","hentry","category-noticias","tag-blog-com-mais-seguidores","tag-blog-de-caruaru","tag-blog-do-edvaldo-magalhaes","tag-blog-mais-acessado","tag-semana-do-patrimonio-e-celebrada-com-programacao-especial-em-caruaru"],"_links":{"self":[{"href":"https:\/\/blogdoedvaldomagalhaes.com.br\/index.php\/wp-json\/wp\/v2\/posts\/121854","targetHints":{"allow":["GET"]}}],"collection":[{"href":"https:\/\/blogdoedvaldomagalhaes.com.br\/index.php\/wp-json\/wp\/v2\/posts"}],"about":[{"href":"https:\/\/blogdoedvaldomagalhaes.com.br\/index.php\/wp-json\/wp\/v2\/types\/post"}],"author":[{"embeddable":true,"href":"https:\/\/blogdoedvaldomagalhaes.com.br\/index.php\/wp-json\/wp\/v2\/users\/1"}],"replies":[{"embeddable":true,"href":"https:\/\/blogdoedvaldomagalhaes.com.br\/index.php\/wp-json\/wp\/v2\/comments?post=121854"}],"version-history":[{"count":1,"href":"https:\/\/blogdoedvaldomagalhaes.com.br\/index.php\/wp-json\/wp\/v2\/posts\/121854\/revisions"}],"predecessor-version":[{"id":121856,"href":"https:\/\/blogdoedvaldomagalhaes.com.br\/index.php\/wp-json\/wp\/v2\/posts\/121854\/revisions\/121856"}],"wp:featuredmedia":[{"embeddable":true,"href":"https:\/\/blogdoedvaldomagalhaes.com.br\/index.php\/wp-json\/wp\/v2\/media\/121855"}],"wp:attachment":[{"href":"https:\/\/blogdoedvaldomagalhaes.com.br\/index.php\/wp-json\/wp\/v2\/media?parent=121854"}],"wp:term":[{"taxonomy":"category","embeddable":true,"href":"https:\/\/blogdoedvaldomagalhaes.com.br\/index.php\/wp-json\/wp\/v2\/categories?post=121854"},{"taxonomy":"post_tag","embeddable":true,"href":"https:\/\/blogdoedvaldomagalhaes.com.br\/index.php\/wp-json\/wp\/v2\/tags?post=121854"}],"curies":[{"name":"wp","href":"https:\/\/api.w.org\/{rel}","templated":true}]}}