{"id":121851,"date":"2025-08-09T10:56:55","date_gmt":"2025-08-09T13:56:55","guid":{"rendered":"https:\/\/blogdoedvaldomagalhaes.com.br\/?p=121851"},"modified":"2025-08-09T10:56:55","modified_gmt":"2025-08-09T13:56:55","slug":"prf-recupera-carro-roubado-apos-motorista-arrastar-moto","status":"publish","type":"post","link":"https:\/\/blogdoedvaldomagalhaes.com.br\/index.php\/2025\/08\/09\/prf-recupera-carro-roubado-apos-motorista-arrastar-moto\/","title":{"rendered":"PRF recupera carro roubado ap\u00f3s motorista arrastar moto"},"content":{"rendered":"<p>Um carro roubado foi recuperado pela Pol\u00edcia Rodovi\u00e1ria Federal (PRF), nesta sexta-feira (8), em Abreu e Lima, no Grande Recife. O motorista do ve\u00edculo arrastou uma moto por 500 metros durante a fuga pelas ruas da cidade.<br \/>\nUma equipe da PRF de Igarassu realizava uma fiscaliza\u00e7\u00e3o na rodovia, quando avistou um carro transportando um reboque na faixa exclusiva de \u00f4nibus. Foi dada ordem de parada ao motorista, que acelerou o ve\u00edculo e acessou a \u00e1rea urbana de Caet\u00e9s Velho.<br \/>\nDurante a fuga, o motorista do carro realizou manobras perigosas pelas ruas da cidade, at\u00e9 que atingiu a motocicleta em uma esquina e a arrastou. O condutor da moto conseguiu pular do ve\u00edculo e n\u00e3o ficou ferido.<br \/>\nAlguns metros depois, os ocupantes do carro abandonaram o ve\u00edculo e pularam muros de resid\u00eancias. Foram realizadas buscas, mas eles n\u00e3o foram encontrados.<br \/>\nEm consulta ao carro, foi descoberto um registro de roubo do dia 5 de agosto deste ano no Recife. O ve\u00edculo foi encaminhado ao Departamento de Repress\u00e3o aos Crimes Patrimoniais (Depatri), em Afogados, para ser devolvido ao propriet\u00e1rio.<br \/>\nSeja seguidor do Instagram do Blog pelo @blogdoedvaldomagalhaes<br \/>\nFoto: Divulga\u00e7\u00e3o\/PRF<\/p>\n","protected":false},"excerpt":{"rendered":"<p>Um carro roubado foi recuperado pela Pol\u00edcia Rodovi\u00e1ria Federal (PRF), nesta sexta-feira (8), em Abreu e Lima, no Grande Recife.&hellip;<\/p>\n","protected":false},"author":1,"featured_media":121852,"comment_status":"closed","ping_status":"open","sticky":false,"template":"","format":"standard","meta":{"footnotes":""},"categories":[14121],"tags":[30592,27410,13146,28801,34361],"class_list":["post-121851","post","type-post","status-publish","format-standard","has-post-thumbnail","hentry","category-policial","tag-blog-com-mais-seguidores","tag-blog-de-caruaru","tag-blog-edvaldo-magalhaes","tag-blog-mais-acessado","tag-prf-recupera-carro-roubado-apos-motorista-arrastar-moto"],"_links":{"self":[{"href":"https:\/\/blogdoedvaldomagalhaes.com.br\/index.php\/wp-json\/wp\/v2\/posts\/121851","targetHints":{"allow":["GET"]}}],"collection":[{"href":"https:\/\/blogdoedvaldomagalhaes.com.br\/index.php\/wp-json\/wp\/v2\/posts"}],"about":[{"href":"https:\/\/blogdoedvaldomagalhaes.com.br\/index.php\/wp-json\/wp\/v2\/types\/post"}],"author":[{"embeddable":true,"href":"https:\/\/blogdoedvaldomagalhaes.com.br\/index.php\/wp-json\/wp\/v2\/users\/1"}],"replies":[{"embeddable":true,"href":"https:\/\/blogdoedvaldomagalhaes.com.br\/index.php\/wp-json\/wp\/v2\/comments?post=121851"}],"version-history":[{"count":1,"href":"https:\/\/blogdoedvaldomagalhaes.com.br\/index.php\/wp-json\/wp\/v2\/posts\/121851\/revisions"}],"predecessor-version":[{"id":121853,"href":"https:\/\/blogdoedvaldomagalhaes.com.br\/index.php\/wp-json\/wp\/v2\/posts\/121851\/revisions\/121853"}],"wp:featuredmedia":[{"embeddable":true,"href":"https:\/\/blogdoedvaldomagalhaes.com.br\/index.php\/wp-json\/wp\/v2\/media\/121852"}],"wp:attachment":[{"href":"https:\/\/blogdoedvaldomagalhaes.com.br\/index.php\/wp-json\/wp\/v2\/media?parent=121851"}],"wp:term":[{"taxonomy":"category","embeddable":true,"href":"https:\/\/blogdoedvaldomagalhaes.com.br\/index.php\/wp-json\/wp\/v2\/categories?post=121851"},{"taxonomy":"post_tag","embeddable":true,"href":"https:\/\/blogdoedvaldomagalhaes.com.br\/index.php\/wp-json\/wp\/v2\/tags?post=121851"}],"curies":[{"name":"wp","href":"https:\/\/api.w.org\/{rel}","templated":true}]}}