{"id":121848,"date":"2025-08-09T10:40:35","date_gmt":"2025-08-09T13:40:35","guid":{"rendered":"https:\/\/blogdoedvaldomagalhaes.com.br\/?p=121848"},"modified":"2025-08-09T10:40:35","modified_gmt":"2025-08-09T13:40:35","slug":"mulheres-do-hip-hop-do-interior-do-estado-se-reunem-neste-domingo-10-para-discutir-politicas-publicas","status":"publish","type":"post","link":"https:\/\/blogdoedvaldomagalhaes.com.br\/index.php\/2025\/08\/09\/mulheres-do-hip-hop-do-interior-do-estado-se-reunem-neste-domingo-10-para-discutir-politicas-publicas\/","title":{"rendered":"Mulheres do Hip Hop do interior do estado se re\u00fanem neste domingo (10) para discutir pol\u00edticas p\u00fablicas"},"content":{"rendered":"<p>Neste domingo (10.08), Caruaru, no Agreste pernambucano, recebe a Confer\u00eancia livre \u201cHip Hop do interior em movimento: mulheres por igualdade e contra a viol\u00eancia de g\u00eanero\u201d. O evento acontece a partir das 13h, na Secret\u00e1ria Municipal da Mulher, localizada no Edif\u00edcio Cor\u00e1lia Menezes, na Rua dos Expedicion\u00e1rios, n\u00ba 30, centro da cidade. <\/p>\n<p>A iniciativa faz parte de um movimento nacional voltado \u00e0 elei\u00e7\u00e3o de representantes, as chamadas delegadas, que ir\u00e3o defender propostas a serem priorizadas nas pol\u00edticas p\u00fablicas  na Confer\u00eancia Nacional de Pol\u00edticas para as Mulheres, que ocorrer\u00e1 em Bras\u00edlia no m\u00eas de setembro. As eleitas em todo territ\u00f3rio nacional v\u00e3o contribuir para a Plataforma das Mulheres, elaborada pelo Minist\u00e9rio das Mulheres. <\/p>\n<p> No encontro, poder\u00e3o ser escolhidas at\u00e9 tr\u00eas nomes, conforme o n\u00famero de participantes da confer\u00eancia: a partir de 10, uma delegada pode ser escolhida; com 51, ser\u00e3o duas eleitas; e com 101, ser\u00e3o tr\u00eas.<\/p>\n<p>A ocasi\u00e3o ser\u00e1 a segunda confer\u00eancia livre promovida pela Frente Nacional de Mulheres no Hip Hop em Pernambuco (FNMH2PE), que realizou a reuni\u00e3o em Recife no \u00faltimo s\u00e1bado, 2 de agosto. Dessa vez, a proposta \u00e9 agregar integrantes do movimento do interior do Estado. Al\u00e9m de Caruaru, onde ser\u00e1 sediado o evento, o coletivo espera receber mulheres de cidades como Garanhuns, Surubim, Pesqueira e Arcoverde. <\/p>\n<p>A b-girl, comunicadora popular e uma das candidatas \u00e0 delegada, V\u00eanus Master, defende a import\u00e2ncia de os territ\u00f3rios fora da Regi\u00e3o Metropolitana do Recife (RMR) terem representa\u00e7\u00e3o. \u201cN\u00f3s que estamos em regi\u00f5es descentralizadas, fora da capital, temos viv\u00eancias diferentes. Por isso, precisamos desse espa\u00e7o de debate para as mulheres do interior\u201d.<\/p>\n<p>A programa\u00e7\u00e3o vai contar ainda com atividades culturais. Ir\u00e3o se apresentar as cantoras N.I.X. Machine, Mar\u00edlia Ferro e Quequel Santana; os grupos de dan\u00e7a Twerk Caruaru e Mulheriu Gang Crew e as dan\u00e7arinas Niny Nascimento e Marisflora. A poesia vai ficar por conta de PK,  Froyd, Tayna Cabocla e Saturno. Uma batalha de rima protagonizada por mulheres (Batalha do P\u00e1tio) completa o encontro, com set da DJ Gabiiiiiip (Gabriela Ambr\u00f3sio). Al\u00e9m disso, as grafiteiras e artistas visuais Manda, Dan e Froyd exp\u00f5e seu trabalho durante todo o evento.<\/p>\n<p>*Frente Nacional de Mulheres do Hip Hop em Pernambuco*<\/p>\n<p>Iniciada em 2018 e retomada h\u00e1 pouco mais de dois anos, a FNMH2PE re\u00fane fazedoras de cultura de Pernambuco ligadas aos cinco elementos do Hip Hop, debatendo pautas espec\u00edficas da categoria e quest\u00f5es que afetam as mulheres em geral. Em 2025, o coletivo lan\u00e7ou a campanha \u201cMais Hip Hop, Menos Viol\u00eancia Contra a Mulher\u201d, que conta com rodas de di\u00e1logo sobre viol\u00eancia de g\u00eanero, protocolo de acolhimento \u00e0s v\u00edtimas e cartilha informativa j\u00e1 referenciada pelo Minist\u00e9rio das Mulheres.<\/p>\n<p>*Confer\u00eancias*<\/p>\n<p>A 5\u00aa Confer\u00eancia Nacional de Pol\u00edticas P\u00fablicas para as Mulheres ser\u00e1 realizada em Bras\u00edlia, de 29 de setembro a 1\u00ba de outubro de 2025, com o tema \u201cMais democracia, mais igualdade e mais conquistas para todas\u201d. O evento reunir\u00e1 delegadas eleitas em confer\u00eancias estaduais, municipais e livres em todo o pa\u00eds para apresentar propostas que formar\u00e3o a Plataforma das Mulheres, documento que sistematiza as prioridades em pol\u00edticas p\u00fablicas defendidas pelas representantes. Para cada confer\u00eancia, \u00e9 poss\u00edvel eleger 1 delegada com 10 a 50 participantes, 2 delegadas com 51 ou mais, e at\u00e9 3 delegadas com 101 ou mais, o que torna essencial a ampla mobiliza\u00e7\u00e3o feminina para garantir maior representatividade.<br \/>\nSiga o Instagram do Blog pelo @blogdoedvaldomagalhaes<br \/>\nFoto: Divulga\u00e7\u00e3o <\/p>\n","protected":false},"excerpt":{"rendered":"<p>Neste domingo (10.08), Caruaru, no Agreste pernambucano, recebe a Confer\u00eancia livre \u201cHip Hop do interior em movimento: mulheres por igualdade&hellip;<\/p>\n","protected":false},"author":1,"featured_media":121849,"comment_status":"closed","ping_status":"open","sticky":false,"template":"","format":"standard","meta":{"footnotes":""},"categories":[14120],"tags":[30253,29440,13146,28801,34360],"class_list":["post-121848","post","type-post","status-publish","format-standard","has-post-thumbnail","hentry","category-noticias","tag-blog-caruaru","tag-blog-com-mais-visualizacao","tag-blog-edvaldo-magalhaes","tag-blog-mais-acessado","tag-mulheres-do-hip-hop-do-interior-do-estado-se-reunem-neste-domingo-10-para-discutir-politicas-publicas"],"_links":{"self":[{"href":"https:\/\/blogdoedvaldomagalhaes.com.br\/index.php\/wp-json\/wp\/v2\/posts\/121848","targetHints":{"allow":["GET"]}}],"collection":[{"href":"https:\/\/blogdoedvaldomagalhaes.com.br\/index.php\/wp-json\/wp\/v2\/posts"}],"about":[{"href":"https:\/\/blogdoedvaldomagalhaes.com.br\/index.php\/wp-json\/wp\/v2\/types\/post"}],"author":[{"embeddable":true,"href":"https:\/\/blogdoedvaldomagalhaes.com.br\/index.php\/wp-json\/wp\/v2\/users\/1"}],"replies":[{"embeddable":true,"href":"https:\/\/blogdoedvaldomagalhaes.com.br\/index.php\/wp-json\/wp\/v2\/comments?post=121848"}],"version-history":[{"count":1,"href":"https:\/\/blogdoedvaldomagalhaes.com.br\/index.php\/wp-json\/wp\/v2\/posts\/121848\/revisions"}],"predecessor-version":[{"id":121850,"href":"https:\/\/blogdoedvaldomagalhaes.com.br\/index.php\/wp-json\/wp\/v2\/posts\/121848\/revisions\/121850"}],"wp:featuredmedia":[{"embeddable":true,"href":"https:\/\/blogdoedvaldomagalhaes.com.br\/index.php\/wp-json\/wp\/v2\/media\/121849"}],"wp:attachment":[{"href":"https:\/\/blogdoedvaldomagalhaes.com.br\/index.php\/wp-json\/wp\/v2\/media?parent=121848"}],"wp:term":[{"taxonomy":"category","embeddable":true,"href":"https:\/\/blogdoedvaldomagalhaes.com.br\/index.php\/wp-json\/wp\/v2\/categories?post=121848"},{"taxonomy":"post_tag","embeddable":true,"href":"https:\/\/blogdoedvaldomagalhaes.com.br\/index.php\/wp-json\/wp\/v2\/tags?post=121848"}],"curies":[{"name":"wp","href":"https:\/\/api.w.org\/{rel}","templated":true}]}}