{"id":121845,"date":"2025-08-09T10:30:04","date_gmt":"2025-08-09T13:30:04","guid":{"rendered":"https:\/\/blogdoedvaldomagalhaes.com.br\/?p=121845"},"modified":"2025-08-09T10:30:04","modified_gmt":"2025-08-09T13:30:04","slug":"caravana-do-direito-animal-chega-a-ibirajuba-com-palestra-de-anderson-correia-para-300-estudantes","status":"publish","type":"post","link":"https:\/\/blogdoedvaldomagalhaes.com.br\/index.php\/2025\/08\/09\/caravana-do-direito-animal-chega-a-ibirajuba-com-palestra-de-anderson-correia-para-300-estudantes\/","title":{"rendered":"Caravana do Direito Animal chega a Ibirajuba com palestra de Anderson Correia para 300 estudantes"},"content":{"rendered":"<p>O pr\u00e9-candidato a deputado estadual e vereador Anderson Correia (PP) promoveu mais uma edi\u00e7\u00e3o da Caravana Direito Animal, que percorre diversos munic\u00edpios pernambucanos com o objetivo de conscientizar a popula\u00e7\u00e3o sobre os direitos e o respeito aos animais. Desta vez, a iniciativa chegou \u00e0 cidade de Ibirajuba, onde nesta sexta-feira (8) Anderson palestrou para cerca de 300 estudantes da Escola de Refer\u00eancia em Ensino M\u00e9dio Manoel Moreira da Costa.<\/p>\n<p>Durante o evento, o advogado animalista abordou temas relacionados \u00e0 prote\u00e7\u00e3o animal de forma leve e s\u00e9ria, promovendo um debate importante para a forma\u00e7\u00e3o de uma cultura de respeito e amor pelos animais. Anderson destacou a receptividade dos jovens e a import\u00e2ncia de a\u00e7\u00f5es educativas nesse sentido. \u201cA Caravana \u00e9 um sucesso por onde passa, pois levamos o tema com muita leveza e seriedade, conscientizando todos que s\u00e3o alcan\u00e7ados por este projeto acerca dos direitos dos animais. \u00c9 maravilhoso ver o interesse dos estudantes, que demonstram um car\u00e1ter de respeito e amor pelos animais. Quero agradecer ao convite da gest\u00e3o da EREM Manoel Moreira da Costa, que faz um trabalho excelente na promo\u00e7\u00e3o da educa\u00e7\u00e3o\u201d, afirmou.<\/p>\n<p>A \u201cCaravana Direito Animal\u201d percorre diversas cidades pernambucanas e est\u00e1 aberta a convites de escolas p\u00fablicas e privadas, c\u00e2maras municipais, faculdades e outras institui\u00e7\u00f5es interessadas. Para solicitar a presen\u00e7a do projeto, o contato pode ser feito pelo WhatsApp (81) 97341-5825, canal oficial do gabinete do vereador. Reconhecido em todo o estado por sua atua\u00e7\u00e3o firme na defesa dos animais e pela proposi\u00e7\u00e3o de pol\u00edticas p\u00fablicas na \u00e1rea, Anderson Correia refor\u00e7a, com a Caravana, seu compromisso em formar uma nova gera\u00e7\u00e3o mais consciente, emp\u00e1tica e engajada com o bem-estar animal.<br \/>\nSeja seguidor do Instagram do Blog pelo @blogdoedvaldomagalhaes<br \/>\nFoto: Divulga\u00e7\u00e3o <\/p>\n","protected":false},"excerpt":{"rendered":"<p>O pr\u00e9-candidato a deputado estadual e vereador Anderson Correia (PP) promoveu mais uma edi\u00e7\u00e3o da Caravana Direito Animal, que percorre&hellip;<\/p>\n","protected":false},"author":1,"featured_media":121846,"comment_status":"closed","ping_status":"open","sticky":false,"template":"","format":"standard","meta":{"footnotes":""},"categories":[14122],"tags":[28803,27410,2,28801,34359,20],"class_list":["post-121845","post","type-post","status-publish","format-standard","has-post-thumbnail","hentry","category-politica","tag-blog-com-mais-visualizacoes","tag-blog-de-caruaru","tag-blog-do-edvaldo-magalhaes","tag-blog-mais-acessado","tag-caravana-do-direito-animal-chega-a-ibirajuba-com-palestra-de-anderson-correia-para-300-estudantes","tag-politica"],"_links":{"self":[{"href":"https:\/\/blogdoedvaldomagalhaes.com.br\/index.php\/wp-json\/wp\/v2\/posts\/121845","targetHints":{"allow":["GET"]}}],"collection":[{"href":"https:\/\/blogdoedvaldomagalhaes.com.br\/index.php\/wp-json\/wp\/v2\/posts"}],"about":[{"href":"https:\/\/blogdoedvaldomagalhaes.com.br\/index.php\/wp-json\/wp\/v2\/types\/post"}],"author":[{"embeddable":true,"href":"https:\/\/blogdoedvaldomagalhaes.com.br\/index.php\/wp-json\/wp\/v2\/users\/1"}],"replies":[{"embeddable":true,"href":"https:\/\/blogdoedvaldomagalhaes.com.br\/index.php\/wp-json\/wp\/v2\/comments?post=121845"}],"version-history":[{"count":1,"href":"https:\/\/blogdoedvaldomagalhaes.com.br\/index.php\/wp-json\/wp\/v2\/posts\/121845\/revisions"}],"predecessor-version":[{"id":121847,"href":"https:\/\/blogdoedvaldomagalhaes.com.br\/index.php\/wp-json\/wp\/v2\/posts\/121845\/revisions\/121847"}],"wp:featuredmedia":[{"embeddable":true,"href":"https:\/\/blogdoedvaldomagalhaes.com.br\/index.php\/wp-json\/wp\/v2\/media\/121846"}],"wp:attachment":[{"href":"https:\/\/blogdoedvaldomagalhaes.com.br\/index.php\/wp-json\/wp\/v2\/media?parent=121845"}],"wp:term":[{"taxonomy":"category","embeddable":true,"href":"https:\/\/blogdoedvaldomagalhaes.com.br\/index.php\/wp-json\/wp\/v2\/categories?post=121845"},{"taxonomy":"post_tag","embeddable":true,"href":"https:\/\/blogdoedvaldomagalhaes.com.br\/index.php\/wp-json\/wp\/v2\/tags?post=121845"}],"curies":[{"name":"wp","href":"https:\/\/api.w.org\/{rel}","templated":true}]}}