{"id":121808,"date":"2025-08-07T21:50:16","date_gmt":"2025-08-08T00:50:16","guid":{"rendered":"https:\/\/blogdoedvaldomagalhaes.com.br\/?p=121808"},"modified":"2025-08-07T21:50:16","modified_gmt":"2025-08-08T00:50:16","slug":"governo-do-estado-anuncia-realizacao-de-concurso-publico-unificado-de-pernambuco-cpu-pe","status":"publish","type":"post","link":"https:\/\/blogdoedvaldomagalhaes.com.br\/index.php\/2025\/08\/07\/governo-do-estado-anuncia-realizacao-de-concurso-publico-unificado-de-pernambuco-cpu-pe\/","title":{"rendered":"Governo do Estado anuncia realiza\u00e7\u00e3o de Concurso P\u00fablico Unificado de Pernambuco (CPU-PE)"},"content":{"rendered":"<p><span style=\"font-size: revert;\">Em uma iniciativa in\u00e9dita, o Governo de Pernambuco ir\u00e1 realizar o Concurso P\u00fablico Unificado de Pernambuco (CPU-PE). A iniciativa ocorre por meio da Secretaria de Administra\u00e7\u00e3o (SAD) e tem o objetivo de ampliar o acesso aos cargos p\u00fablicos e garantir maior transpar\u00eancia e efici\u00eancia nos certames. As provas ser\u00e3o realizadas em 10 cidades e, ao todo, ser\u00e3o ofertadas 455 vagas para mais de 40 cargos. O an\u00fancio foi realizado pela governadora Raquel Lyra, nesta quinta-feira (7), e ter\u00e1 todos os detalhes publicados, em breve, no Di\u00e1rio Oficial do Estado (DOE).<\/span><\/p>\n<p>\u201cPela primeira vez na hist\u00f3ria de Pernambuco, n\u00f3s iremos fazer um Concurso P\u00fablico Unificado. S\u00e3o 455 vagas em mais de 46 cargos ou especialidades, de n\u00edvel m\u00e9dio e superior. As provas ser\u00e3o realizadas em dez cidades e os interessados podem concorrer a at\u00e9 tr\u00eas cargos. Isso permite mais transpar\u00eancia e democratiza\u00e7\u00e3o do acesso ao servi\u00e7o p\u00fablico. Dessa forma, fortalecemos as entregas e a\u00e7\u00f5es do Estado para a popula\u00e7\u00e3o. Estamos contratando as bancas de concurso e muito em breve lan\u00e7aremos edital\u201d, destacou a governadora Raquel Lyra.<\/p>\n<p>O processo seletivo \u00fanico contemplar\u00e1 diversos \u00f3rg\u00e3os e entidades da administra\u00e7\u00e3o p\u00fablica estadual com aplica\u00e7\u00e3o simult\u00e2nea de provas em at\u00e9 10 cidades do Estado, s\u00e3o elas: Recife, Carpina, Palmares, Caruaru, Arcoverde, Floresta, Afogados da Ingazeira, Salgueiro, Araripina e Petrolina.<\/p>\n<p>De acordo com a secret\u00e1ria de Administra\u00e7\u00e3o, Ana Mara\u00edza, o CPU-PE representa um marco na moderniza\u00e7\u00e3o da gest\u00e3o p\u00fablica estadual, promovendo concurso unificado e regionalizado, com amplia\u00e7\u00e3o da competitividade e otimiza\u00e7\u00e3o de recursos p\u00fablicos. \u201cEssa iniciativa refor\u00e7a o compromisso do Governo do Estado com a valoriza\u00e7\u00e3o do servi\u00e7o p\u00fablico, transpar\u00eancia dos processos seletivos e gest\u00e3o pensando em todas \u00e0s regi\u00f5es do Estado\u201d, pontuou a titular da pasta.<\/p>\n<p>Veja, abaixo, a lista de como ser\u00e1 a distribui\u00e7\u00e3o:<\/p>\n<p>&#8211; Ag\u00eancia de Regula\u00e7\u00e3o de Pernambuco (ARPE): com 50 vagas para o cargo de Analista de Regula\u00e7\u00e3o dos Servi\u00e7os P\u00fablicos Delegados;<\/p>\n<p>&#8211; Ag\u00eancia Estadual de Tecnologia da Informa\u00e7\u00e3o (ATI): com 88 vagas para o cargo de Analista de Gest\u00e3o de Tecnologia da Informa\u00e7\u00e3o e Comunica\u00e7\u00e3o;<\/p>\n<p>&#8211; Ag\u00eancia Estadual de Meio Ambiente (CPRH): um total de 98 vagas, sendo 56 para o cargo de Analista em Gest\u00e3o Ambiental e 42 para o cargo de Assistente em Gest\u00e3o Ambiental;<\/p>\n<p>&#8211; Instituto de Pesos e Medidas (IPEM): um total de 39 vagas, sendo 3 para o cargo de Analista de Gest\u00e3o em Metrologia e Qualidade Industrial e 36 para o cargo de Assistente de Gest\u00e3o em Metrologia e Qualidade Industrial;<\/p>\n<p>&#8211; Funda\u00e7\u00e3o de Aposentadorias e Pens\u00f5es dos Servidores do Estado (FUNAPE): um total de 15 vagas, sendo 11 para o cargo de Analista em Gest\u00e3o Previdenci\u00e1ria e 4 para o cargo de Analista Jur\u00eddico-Previdenci\u00e1rio;<\/p>\n<p>&#8211; Funda\u00e7\u00e3o de Atendimento Socioeducativo (FUNASE):com 29 vagas para o cargo de Analista de Atendimento e Gest\u00e3o Socioeducativa, nas especialidades de Nutricionista, Assistente Social, Pedagogo e Assistente Social;<\/p>\n<p>&#8211; Secretaria de Administra\u00e7\u00e3o (SAD): um total de 82 vagas, sendo 53 vagas para o cargo de Gestor Governamental \u2013 Especialidade Administrativa e 29 vagas para Gestor Governamental \u2013 Especialidade Administrativa \u2013 Qualifica\u00e7\u00e3o: Contador;<\/p>\n<p>&#8211; Secretaria de Planejamento, Gest\u00e3o e Desenvolvimento Regional (SEPLAG): com 27 vagas para o cargo de Gestor Governamental \u2013 Especialidade Planejamento, Or\u00e7amento. e Gest\u00e3o;<\/p>\n<p>&#8211; Secretaria da Controladoria-Geral do Estado (SCGE): com 27 vagas para o cargo de Gestor Governamental \u2013 Especialidade Controle Interno.<br \/>\nSiga o Instagram do Blog pelo @blogdoedvaldomagalhaes.<br \/>\nFoto: Jana\u00edna Pepeu\/Secom<\/p>\n","protected":false},"excerpt":{"rendered":"<p>Em uma iniciativa in\u00e9dita, o Governo de Pernambuco ir\u00e1 realizar o Concurso P\u00fablico Unificado de Pernambuco (CPU-PE). A iniciativa ocorre&hellip;<\/p>\n","protected":false},"author":1,"featured_media":121809,"comment_status":"closed","ping_status":"open","sticky":false,"template":"","format":"standard","meta":{"footnotes":""},"categories":[14120],"tags":[30592,27410,2,28801,1229],"class_list":["post-121808","post","type-post","status-publish","format-standard","has-post-thumbnail","hentry","category-noticias","tag-blog-com-mais-seguidores","tag-blog-de-caruaru","tag-blog-do-edvaldo-magalhaes","tag-blog-mais-acessado","tag-raquel-lyra"],"_links":{"self":[{"href":"https:\/\/blogdoedvaldomagalhaes.com.br\/index.php\/wp-json\/wp\/v2\/posts\/121808","targetHints":{"allow":["GET"]}}],"collection":[{"href":"https:\/\/blogdoedvaldomagalhaes.com.br\/index.php\/wp-json\/wp\/v2\/posts"}],"about":[{"href":"https:\/\/blogdoedvaldomagalhaes.com.br\/index.php\/wp-json\/wp\/v2\/types\/post"}],"author":[{"embeddable":true,"href":"https:\/\/blogdoedvaldomagalhaes.com.br\/index.php\/wp-json\/wp\/v2\/users\/1"}],"replies":[{"embeddable":true,"href":"https:\/\/blogdoedvaldomagalhaes.com.br\/index.php\/wp-json\/wp\/v2\/comments?post=121808"}],"version-history":[{"count":1,"href":"https:\/\/blogdoedvaldomagalhaes.com.br\/index.php\/wp-json\/wp\/v2\/posts\/121808\/revisions"}],"predecessor-version":[{"id":121810,"href":"https:\/\/blogdoedvaldomagalhaes.com.br\/index.php\/wp-json\/wp\/v2\/posts\/121808\/revisions\/121810"}],"wp:featuredmedia":[{"embeddable":true,"href":"https:\/\/blogdoedvaldomagalhaes.com.br\/index.php\/wp-json\/wp\/v2\/media\/121809"}],"wp:attachment":[{"href":"https:\/\/blogdoedvaldomagalhaes.com.br\/index.php\/wp-json\/wp\/v2\/media?parent=121808"}],"wp:term":[{"taxonomy":"category","embeddable":true,"href":"https:\/\/blogdoedvaldomagalhaes.com.br\/index.php\/wp-json\/wp\/v2\/categories?post=121808"},{"taxonomy":"post_tag","embeddable":true,"href":"https:\/\/blogdoedvaldomagalhaes.com.br\/index.php\/wp-json\/wp\/v2\/tags?post=121808"}],"curies":[{"name":"wp","href":"https:\/\/api.w.org\/{rel}","templated":true}]}}