{"id":121804,"date":"2025-08-07T19:01:48","date_gmt":"2025-08-07T22:01:48","guid":{"rendered":"https:\/\/blogdoedvaldomagalhaes.com.br\/?p=121804"},"modified":"2025-08-07T19:01:48","modified_gmt":"2025-08-07T22:01:48","slug":"delegado-lessa-se-encontra-com-o-prefeito-joao-campos-para-discutir-pautas-estrategicas-para-o-agreste","status":"publish","type":"post","link":"https:\/\/blogdoedvaldomagalhaes.com.br\/index.php\/2025\/08\/07\/delegado-lessa-se-encontra-com-o-prefeito-joao-campos-para-discutir-pautas-estrategicas-para-o-agreste\/","title":{"rendered":"Delegado Lessa se encontra com o prefeito Jo\u00e3o Campos para discutir pautas estrat\u00e9gicas para o Agreste"},"content":{"rendered":"<p><span style=\"font-size: revert;\">Delegado Lessa se reuniu nesta quinta-feira (07\/08) com o prefeito do Recife, Jo\u00e3o Campos, para tratar de assuntos de interesse de Caruaru e de toda a regi\u00e3o Agreste.<\/span><\/p>\n<p>O encontro teve como foco o fortalecimento da articula\u00e7\u00e3o pol\u00edtica entre capital e interior, visando o desenvolvimento de pol\u00edticas p\u00fablicas integradas.<\/p>\n<p>Entre os temas discutidos estiveram investimentos em infraestrutura, parcerias administrativas e estrat\u00e9gias para impulsionar o crescimento econ\u00f4mico regional.<\/p>\n<p>Delegado Lessa ressaltou a import\u00e2ncia da uni\u00e3o de for\u00e7as:<br \/>\n&#8220;A troca de experi\u00eancias entre os munic\u00edpios \u00e9 fundamental. Nosso objetivo \u00e9 levar benef\u00edcios concretos para a popula\u00e7\u00e3o do Agreste por meio de di\u00e1logo e coopera\u00e7\u00e3o entre gestores comprometidos.&#8221;<\/p>\n<p>Jo\u00e3o Campos destacou a relev\u00e2ncia da iniciativa e se colocou \u00e0 disposi\u00e7\u00e3o para manter o canal aberto com as lideran\u00e7as da regi\u00e3o. A reuni\u00e3o reafirma o compromisso de Delegado Lessa com o fortalecimento de Caruaru dentro do contexto estadual. Foto: Divulga\u00e7\u00e3o.<br \/>\nSiga o Instagram do Blog pelo @blogdoedvaldomagalhaes<\/p>\n","protected":false},"excerpt":{"rendered":"<p>Delegado Lessa se reuniu nesta quinta-feira (07\/08) com o prefeito do Recife, Jo\u00e3o Campos, para tratar de assuntos de interesse&hellip;<\/p>\n","protected":false},"author":1,"featured_media":121805,"comment_status":"closed","ping_status":"open","sticky":false,"template":"","format":"standard","meta":{"footnotes":""},"categories":[14122],"tags":[30592,27410,2,28801,20],"class_list":["post-121804","post","type-post","status-publish","format-standard","has-post-thumbnail","hentry","category-politica","tag-blog-com-mais-seguidores","tag-blog-de-caruaru","tag-blog-do-edvaldo-magalhaes","tag-blog-mais-acessado","tag-politica"],"_links":{"self":[{"href":"https:\/\/blogdoedvaldomagalhaes.com.br\/index.php\/wp-json\/wp\/v2\/posts\/121804","targetHints":{"allow":["GET"]}}],"collection":[{"href":"https:\/\/blogdoedvaldomagalhaes.com.br\/index.php\/wp-json\/wp\/v2\/posts"}],"about":[{"href":"https:\/\/blogdoedvaldomagalhaes.com.br\/index.php\/wp-json\/wp\/v2\/types\/post"}],"author":[{"embeddable":true,"href":"https:\/\/blogdoedvaldomagalhaes.com.br\/index.php\/wp-json\/wp\/v2\/users\/1"}],"replies":[{"embeddable":true,"href":"https:\/\/blogdoedvaldomagalhaes.com.br\/index.php\/wp-json\/wp\/v2\/comments?post=121804"}],"version-history":[{"count":1,"href":"https:\/\/blogdoedvaldomagalhaes.com.br\/index.php\/wp-json\/wp\/v2\/posts\/121804\/revisions"}],"predecessor-version":[{"id":121806,"href":"https:\/\/blogdoedvaldomagalhaes.com.br\/index.php\/wp-json\/wp\/v2\/posts\/121804\/revisions\/121806"}],"wp:featuredmedia":[{"embeddable":true,"href":"https:\/\/blogdoedvaldomagalhaes.com.br\/index.php\/wp-json\/wp\/v2\/media\/121805"}],"wp:attachment":[{"href":"https:\/\/blogdoedvaldomagalhaes.com.br\/index.php\/wp-json\/wp\/v2\/media?parent=121804"}],"wp:term":[{"taxonomy":"category","embeddable":true,"href":"https:\/\/blogdoedvaldomagalhaes.com.br\/index.php\/wp-json\/wp\/v2\/categories?post=121804"},{"taxonomy":"post_tag","embeddable":true,"href":"https:\/\/blogdoedvaldomagalhaes.com.br\/index.php\/wp-json\/wp\/v2\/tags?post=121804"}],"curies":[{"name":"wp","href":"https:\/\/api.w.org\/{rel}","templated":true}]}}