{"id":121801,"date":"2025-08-07T17:50:37","date_gmt":"2025-08-07T20:50:37","guid":{"rendered":"https:\/\/blogdoedvaldomagalhaes.com.br\/?p=121801"},"modified":"2025-08-07T17:50:37","modified_gmt":"2025-08-07T20:50:37","slug":"vereador-jorge-quintino-propoe-capacitacao-para-atender-alunos-com-autismo-na-rede-municipal","status":"publish","type":"post","link":"https:\/\/blogdoedvaldomagalhaes.com.br\/index.php\/2025\/08\/07\/vereador-jorge-quintino-propoe-capacitacao-para-atender-alunos-com-autismo-na-rede-municipal\/","title":{"rendered":"Vereador Jorge Quintino prop\u00f5e capacita\u00e7\u00e3o para atender alunos com autismo na rede municipal"},"content":{"rendered":"<p>O vereador Jorge Quintino (PODE) apresentou um anteprojeto de lei que institui a capacita\u00e7\u00e3o continuada e gratuita dos profissionais da rede municipal de ensino de Caruaru para o atendimento de alunos com Transtorno do Espectro Autista (TEA).<\/p>\n<p>A iniciativa visa ampliar e qualificar o atendimento educacional especializado, por meio de cursos, oficinas e forma\u00e7\u00f5es peri\u00f3dicas, abordando temas como estrat\u00e9gias pedag\u00f3gicas inclusivas, comunica\u00e7\u00e3o alternativa e pr\u00e1ticas de acolhimento. A forma\u00e7\u00e3o contar\u00e1 com parcerias com universidades, ONGs e institui\u00e7\u00f5es especializadas no tema.<\/p>\n<p>O vereador destacou a import\u00e2ncia de fortalecer o trabalho que j\u00e1 vem sendo desenvolvido pela Prefeitura de Caruaru, mas com a necessidade de amplia\u00e7\u00f5es, \u201cReconhecemos que a gest\u00e3o municipal tem avan\u00e7ado significativamente nessa pauta, mas o objetivo do projeto \u00e9 somar esfor\u00e7os, garantir a continuidade e ampliar ainda mais os servi\u00e7os, com o apoio das secretarias de Sa\u00fade e Educa\u00e7\u00e3o.\u201d afirmou Jorge Quintino.<\/p>\n<p>O anteprojeto segue agora para an\u00e1lise e poss\u00edveis encaminhamentos junto ao Executivo Municipal.<br \/>\nSeja seguidor do Instagram do Blog pelo @blogdoedvaldomagalhaes<br \/>\nFoto: Divulga\u00e7\u00e3o <\/p>\n","protected":false},"excerpt":{"rendered":"<p>O vereador Jorge Quintino (PODE) apresentou um anteprojeto de lei que institui a capacita\u00e7\u00e3o continuada e gratuita dos profissionais da&hellip;<\/p>\n","protected":false},"author":1,"featured_media":121802,"comment_status":"closed","ping_status":"open","sticky":false,"template":"","format":"standard","meta":{"footnotes":""},"categories":[14122],"tags":[28803,27410,13146,28801,20,34349],"class_list":["post-121801","post","type-post","status-publish","format-standard","has-post-thumbnail","hentry","category-politica","tag-blog-com-mais-visualizacoes","tag-blog-de-caruaru","tag-blog-edvaldo-magalhaes","tag-blog-mais-acessado","tag-politica","tag-vereador-jorge-quintino-propoe-capacitacao-para-atender-alunos-com-autismo-na-rede-municipal"],"_links":{"self":[{"href":"https:\/\/blogdoedvaldomagalhaes.com.br\/index.php\/wp-json\/wp\/v2\/posts\/121801","targetHints":{"allow":["GET"]}}],"collection":[{"href":"https:\/\/blogdoedvaldomagalhaes.com.br\/index.php\/wp-json\/wp\/v2\/posts"}],"about":[{"href":"https:\/\/blogdoedvaldomagalhaes.com.br\/index.php\/wp-json\/wp\/v2\/types\/post"}],"author":[{"embeddable":true,"href":"https:\/\/blogdoedvaldomagalhaes.com.br\/index.php\/wp-json\/wp\/v2\/users\/1"}],"replies":[{"embeddable":true,"href":"https:\/\/blogdoedvaldomagalhaes.com.br\/index.php\/wp-json\/wp\/v2\/comments?post=121801"}],"version-history":[{"count":1,"href":"https:\/\/blogdoedvaldomagalhaes.com.br\/index.php\/wp-json\/wp\/v2\/posts\/121801\/revisions"}],"predecessor-version":[{"id":121803,"href":"https:\/\/blogdoedvaldomagalhaes.com.br\/index.php\/wp-json\/wp\/v2\/posts\/121801\/revisions\/121803"}],"wp:featuredmedia":[{"embeddable":true,"href":"https:\/\/blogdoedvaldomagalhaes.com.br\/index.php\/wp-json\/wp\/v2\/media\/121802"}],"wp:attachment":[{"href":"https:\/\/blogdoedvaldomagalhaes.com.br\/index.php\/wp-json\/wp\/v2\/media?parent=121801"}],"wp:term":[{"taxonomy":"category","embeddable":true,"href":"https:\/\/blogdoedvaldomagalhaes.com.br\/index.php\/wp-json\/wp\/v2\/categories?post=121801"},{"taxonomy":"post_tag","embeddable":true,"href":"https:\/\/blogdoedvaldomagalhaes.com.br\/index.php\/wp-json\/wp\/v2\/tags?post=121801"}],"curies":[{"name":"wp","href":"https:\/\/api.w.org\/{rel}","templated":true}]}}