{"id":1218,"date":"2018-09-25T19:26:00","date_gmt":"2018-09-25T22:26:00","guid":{"rendered":"http:\/\/blogdoedvaldomagalhaes.com.br\/index.php\/2018\/09\/25\/dia-nacional-da-juventude-2018-sera\/"},"modified":"2019-02-09T02:32:21","modified_gmt":"2019-02-09T04:32:21","slug":"dia-nacional-da-juventude-2018-sera","status":"publish","type":"post","link":"https:\/\/blogdoedvaldomagalhaes.com.br\/index.php\/2018\/09\/25\/dia-nacional-da-juventude-2018-sera\/","title":{"rendered":"Dia Nacional da Juventude 2018 ser\u00e1 realizado em Caruaru"},"content":{"rendered":"<div class=\"separator\" style=\"clear: both; text-align: center;\">\n<a href=\"https:\/\/4.bp.blogspot.com\/-8G9QEc25tBA\/W6qL59yXNFI\/AAAAAAAA6oU\/GrPlF2X9TXsBX9S5eVwIZTVUaHmCBEG9ACLcBGAs\/s1600\/dia.jpg\" imageanchor=\"1\" style=\"margin-left: 1em; margin-right: 1em;\"><img loading=\"lazy\" decoding=\"async\" border=\"0\" data-original-height=\"682\" data-original-width=\"1024\" height=\"426\" src=\"http:\/\/blogdoedvaldomagalhaes.com.br\/wp-content\/uploads\/2018\/09\/dia-1.jpg\" width=\"640\" \/><\/a><\/div>\n<div style=\"text-align: justify;\">\n<\/div>\n<div style=\"text-align: justify;\">\nNo dia 14 de outubro, Caruaru ir\u00e1 receber a celebra\u00e7\u00e3o do Dia Nacional da Juventude (DNJ). O evento \u00e9 promovido pela Diocese de Caruaru, atrav\u00e9s do Setor Juventude, que articula, convoca e prop\u00f5e orienta\u00e7\u00f5es para a evangeliza\u00e7\u00e3o da juventude. A programa\u00e7\u00e3o come\u00e7a a partir das 8h, no Espa\u00e7o Difusora. A entrada ser\u00e1 gratuita.<\/div>\n<div style=\"text-align: justify;\">\n<\/div>\n<div style=\"text-align: justify;\">\nNo local, haver\u00e1 exposi\u00e7\u00e3o de artigos religiosos dos grupos, comunidades e express\u00f5es juvenis. Durante a manh\u00e3, os jovens poder\u00e3o participar de momentos de louvor com a Comunidade Fraterno Amor, adora\u00e7\u00e3o ao Sant\u00edssimo Sacramento, testemunhos, prega\u00e7\u00e3o e missa. \u00c0 tarde, o DJ Angelus, de Recife, vai animar o trio el\u00e9trico pelas ruas da cidade.<\/div>\n<div style=\"text-align: justify;\">\n<\/div>\n<div style=\"text-align: justify;\">\nO tema da edi\u00e7\u00e3o deste ano \u00e9 \u201cJuventude Construindo Uma Cultura de Paz\u201d, em comunh\u00e3o com o tema da Campanha da Fraternidade 2018, \u201cFraternidade e supera\u00e7\u00e3o da viol\u00eancia\u201d. A proposta do evento \u00e9 reunir jovens das 19 cidades da Diocese, para promover a evangeliza\u00e7\u00e3o atrav\u00e9s de tem\u00e1ticas voltadas aos direitos humanos, cultura de paz e pol\u00edticas p\u00fablicas para a juventude.<\/div>\n<div style=\"text-align: justify;\">\n<\/div>\n<div style=\"text-align: justify;\">\n\u201c\u00c9 importante oferecer propostas para que a juventude fale sobre a paz, o respeito e a fraternidade. Nossos jovens precisam de espa\u00e7os para debater sobre o amor e como \u00e9 poss\u00edvel mudar a sociedade com atitudes de paz. O DNJ \u00e9 a oportunidade para que a evangeliza\u00e7\u00e3o v\u00e1 al\u00e9m das igrejas e dos grupos jovens e que possa, ent\u00e3o, alcan\u00e7ar outros ambientes sociais\u201d, afirma o padre Paulo Jorge, coordenador do Setor Juventude.<\/div>\n<div style=\"text-align: justify;\">\n<\/div>\n<div style=\"text-align: justify;\">\nEm 2017, o DNJ da Diocese de Caruaru reuniu cerca de tr\u00eas mil jovens na cidade de S\u00e3o Caetano. A festa contou com a participa\u00e7\u00e3o do cantor cat\u00f3lico Bruno Camurati, conhecido pelas m\u00fasicas \u201cFiat\u201d e \u201cCan\u00e7\u00e3o de Pedro\u201d. Este ano, o evento volta \u00e0 Caruaru, que sediou o DNJ no ano de 2015.<\/div>\n","protected":false},"excerpt":{"rendered":"<p>No dia 14 de outubro, Caruaru ir\u00e1 receber a celebra\u00e7\u00e3o do Dia Nacional da Juventude (DNJ). O evento \u00e9 promovido&hellip;<\/p>\n","protected":false},"author":1,"featured_media":0,"comment_status":"open","ping_status":"open","sticky":false,"template":"","format":"standard","meta":{"footnotes":""},"categories":[1],"tags":[2,1176,6],"class_list":["post-1218","post","type-post","status-publish","format-standard","hentry","category-sem-categoria","tag-blog-do-edvaldo-magalhaes","tag-dia-nacional-da-juventude-2018-sera-realizado-em-caruaru","tag-noticias"],"_links":{"self":[{"href":"https:\/\/blogdoedvaldomagalhaes.com.br\/index.php\/wp-json\/wp\/v2\/posts\/1218","targetHints":{"allow":["GET"]}}],"collection":[{"href":"https:\/\/blogdoedvaldomagalhaes.com.br\/index.php\/wp-json\/wp\/v2\/posts"}],"about":[{"href":"https:\/\/blogdoedvaldomagalhaes.com.br\/index.php\/wp-json\/wp\/v2\/types\/post"}],"author":[{"embeddable":true,"href":"https:\/\/blogdoedvaldomagalhaes.com.br\/index.php\/wp-json\/wp\/v2\/users\/1"}],"replies":[{"embeddable":true,"href":"https:\/\/blogdoedvaldomagalhaes.com.br\/index.php\/wp-json\/wp\/v2\/comments?post=1218"}],"version-history":[{"count":1,"href":"https:\/\/blogdoedvaldomagalhaes.com.br\/index.php\/wp-json\/wp\/v2\/posts\/1218\/revisions"}],"predecessor-version":[{"id":34348,"href":"https:\/\/blogdoedvaldomagalhaes.com.br\/index.php\/wp-json\/wp\/v2\/posts\/1218\/revisions\/34348"}],"wp:attachment":[{"href":"https:\/\/blogdoedvaldomagalhaes.com.br\/index.php\/wp-json\/wp\/v2\/media?parent=1218"}],"wp:term":[{"taxonomy":"category","embeddable":true,"href":"https:\/\/blogdoedvaldomagalhaes.com.br\/index.php\/wp-json\/wp\/v2\/categories?post=1218"},{"taxonomy":"post_tag","embeddable":true,"href":"https:\/\/blogdoedvaldomagalhaes.com.br\/index.php\/wp-json\/wp\/v2\/tags?post=1218"}],"curies":[{"name":"wp","href":"https:\/\/api.w.org\/{rel}","templated":true}]}}